{"id":27413,"date":"2026-08-31T15:01:31","date_gmt":"2026-08-31T19:01:31","guid":{"rendered":"https:\/\/avisolegal.cl\/?p=27413"},"modified":"2026-08-31T15:02:24","modified_gmt":"2026-08-31T19:02:24","slug":"2026-08-17-registro-civil-region-de-los-lagos-posesiones-efectivas-de-herencias-intestadas-copy","status":"publish","type":"post","link":"https:\/\/avisolegal.cl\/?p=27413","title":{"rendered":"2026-09-01 \u2013 Registro Civil Regi\u00f3n de Los Lagos \u2013 Posesiones efectivas de herencias intestadas"},"content":{"rendered":"\t\t<div data-elementor-type=\"wp-post\" data-elementor-id=\"27413\" class=\"elementor elementor-27413\" data-elementor-post-type=\"post\">\n\t\t\t\t\t\t<section class=\"elementor-section elementor-top-section elementor-element elementor-element-7d250f6c elementor-section-boxed elementor-section-height-default elementor-section-height-default\" data-id=\"7d250f6c\" data-element_type=\"section\" data-e-type=\"section\">\n\t\t\t\t\t\t<div class=\"elementor-container elementor-column-gap-default\">\n\t\t\t\t\t<article class=\"elementor-column elementor-col-33 elementor-top-column elementor-element elementor-element-b9a97cd\" data-id=\"b9a97cd\" data-element_type=\"column\" data-e-type=\"column\">\n\t\t\t<div class=\"elementor-widget-wrap elementor-element-populated\">\n\t\t\t\t\t\t<div class=\"elementor-element elementor-element-56b7155 elementor-widget elementor-widget-image\" data-id=\"56b7155\" data-element_type=\"widget\" data-e-type=\"widget\" data-widget_type=\"image.default\">\n\t\t\t\t<div class=\"elementor-widget-container\">\n\t\t\t\t\t\t\t\t\t\t\t\t\t\t\t\t<a href=\"http:\/\/www.avisolegal.cl\">\n\t\t\t\t\t\t\t<img decoding=\"async\" width=\"208\" height=\"123\" src=\"https:\/\/avisolegal.cl\/wp-content\/uploads\/2022\/03\/logo-5-removebg-preview.png\" class=\"attachment-large size-large wp-image-3891\" alt=\"\" \/>\t\t\t\t\t\t\t\t<\/a>\n\t\t\t\t\t\t\t\t\t\t\t\t\t\t\t<\/div>\n\t\t\t\t<\/div>\n\t\t\t\t\t<\/div>\n\t\t<\/article>\n\t\t\t\t<div class=\"elementor-column elementor-col-33 elementor-top-column elementor-element elementor-element-72c7634e\" data-id=\"72c7634e\" data-element_type=\"column\" data-e-type=\"column\">\n\t\t\t<div class=\"elementor-widget-wrap elementor-element-populated\">\n\t\t\t\t\t\t<div class=\"elementor-element elementor-element-4ac42536 elementor-view-default elementor-widget elementor-widget-icon\" data-id=\"4ac42536\" data-element_type=\"widget\" data-e-type=\"widget\" data-widget_type=\"icon.default\">\n\t\t\t\t<div class=\"elementor-widget-container\">\n\t\t\t\t\t\t\t<div class=\"elementor-icon-wrapper\">\n\t\t\t<div class=\"elementor-icon\">\n\t\t\t<i aria-hidden=\"true\" class=\"far fa-clock\"><\/i>\t\t\t<\/div>\n\t\t<\/div>\n\t\t\t\t\t\t<\/div>\n\t\t\t\t<\/div>\n\t\t\t\t\t<\/div>\n\t\t<\/div>\n\t\t\t\t<div class=\"elementor-column elementor-col-33 elementor-top-column elementor-element elementor-element-674a3991\" data-id=\"674a3991\" data-element_type=\"column\" data-e-type=\"column\">\n\t\t\t<div class=\"elementor-widget-wrap elementor-element-populated\">\n\t\t\t\t\t\t<div class=\"elementor-element elementor-element-612b9387 elementor-widget elementor-widget-shortcode\" data-id=\"612b9387\" data-element_type=\"widget\" data-e-type=\"widget\" data-widget_type=\"shortcode.default\">\n\t\t\t\t<div class=\"elementor-widget-container\">\n\t\t\t\t\t\t\t<div class=\"elementor-shortcode\">01\/09\/2026 00:22:36 <\/div>\n\t\t\t\t\t\t<\/div>\n\t\t\t\t<\/div>\n\t\t\t\t\t<\/div>\n\t\t<\/div>\n\t\t\t\t\t<\/div>\n\t\t<\/section>\n\t\t\t\t<section class=\"elementor-section elementor-top-section elementor-element elementor-element-0ef1fdd elementor-section-boxed elementor-section-height-default elementor-section-height-default\" data-id=\"0ef1fdd\" data-element_type=\"section\" data-e-type=\"section\">\n\t\t\t\t\t\t<div class=\"elementor-container elementor-column-gap-default\">\n\t\t\t\t\t<div class=\"elementor-column elementor-col-100 elementor-top-column elementor-element elementor-element-b916380\" data-id=\"b916380\" data-element_type=\"column\" data-e-type=\"column\">\n\t\t\t<div class=\"elementor-widget-wrap elementor-element-populated\">\n\t\t\t\t\t\t\t<\/div>\n\t\t<\/div>\n\t\t\t\t\t<\/div>\n\t\t<\/section>\n\t\t\t\t<section class=\"elementor-section elementor-top-section elementor-element elementor-element-68a8594 elementor-section-boxed elementor-section-height-default elementor-section-height-default\" data-id=\"68a8594\" data-element_type=\"section\" data-e-type=\"section\">\n\t\t\t\t\t\t<div class=\"elementor-container elementor-column-gap-default\">\n\t\t\t\t\t<div class=\"elementor-column elementor-col-100 elementor-top-column elementor-element elementor-element-2e266f7\" data-id=\"2e266f7\" data-element_type=\"column\" data-e-type=\"column\">\n\t\t\t<div class=\"elementor-widget-wrap elementor-element-populated\">\n\t\t\t\t\t\t\t<\/div>\n\t\t<\/div>\n\t\t\t\t\t<\/div>\n\t\t<\/section>\n\t\t\t\t<section class=\"elementor-section elementor-top-section elementor-element elementor-element-5fffab2f elementor-section-boxed elementor-section-height-default elementor-section-height-default\" data-id=\"5fffab2f\" data-element_type=\"section\" data-e-type=\"section\">\n\t\t\t\t\t\t<div class=\"elementor-container elementor-column-gap-default\">\n\t\t\t\t\t<div class=\"elementor-column elementor-col-33 elementor-top-column elementor-element elementor-element-3ef5fd8d\" data-id=\"3ef5fd8d\" data-element_type=\"column\" data-e-type=\"column\" data-settings=\"{&quot;background_background&quot;:&quot;classic&quot;}\">\n\t\t\t<div class=\"elementor-widget-wrap elementor-element-populated\">\n\t\t\t\t\t\t<div class=\"elementor-element elementor-element-e4d9121 elementor-widget elementor-widget-shortcode\" data-id=\"e4d9121\" data-element_type=\"widget\" data-e-type=\"widget\" data-widget_type=\"shortcode.default\">\n\t\t\t\t<div class=\"elementor-widget-container\">\n\t\t\t\t\t\t\t<div class=\"elementor-shortcode\">\t\t<div data-elementor-type=\"wp-post\" data-elementor-id=\"6163\" class=\"elementor elementor-6163\" data-elementor-post-type=\"oceanwp_library\">\n\t\t\t\t\t\t<section class=\"elementor-section elementor-top-section elementor-element elementor-element-b72e659 elementor-section-boxed elementor-section-height-default elementor-section-height-default\" data-id=\"b72e659\" data-element_type=\"section\" data-e-type=\"section\">\n\t\t\t\t\t\t<div class=\"elementor-container elementor-column-gap-default\">\n\t\t\t\t\t<div class=\"elementor-column elementor-col-100 elementor-top-column elementor-element elementor-element-87d6358\" data-id=\"87d6358\" data-element_type=\"column\" data-e-type=\"column\">\n\t\t\t<div class=\"elementor-widget-wrap elementor-element-populated\">\n\t\t\t\t\t\t<div class=\"elementor-element elementor-element-1d638d5 elementor-widget elementor-widget-image\" data-id=\"1d638d5\" data-element_type=\"widget\" data-e-type=\"widget\" data-widget_type=\"image.default\">\n\t\t\t\t<div class=\"elementor-widget-container\">\n\t\t\t\t\t\t\t\t\t\t\t\t\t\t\t<img decoding=\"async\" width=\"279\" height=\"32\" src=\"https:\/\/avisolegal.cl\/wp-content\/uploads\/2022\/03\/Screenshot_119.png\" class=\"attachment-large size-large wp-image-2867\" alt=\"\" \/>\t\t\t\t\t\t\t\t\t\t\t\t\t\t\t<\/div>\n\t\t\t\t<\/div>\n\t\t\t\t\t<\/div>\n\t\t<\/div>\n\t\t\t\t\t<\/div>\n\t\t<\/section>\n\t\t\t\t<section class=\"elementor-section elementor-top-section elementor-element elementor-element-bd54b64 elementor-section-boxed elementor-section-height-default elementor-section-height-default\" data-id=\"bd54b64\" data-element_type=\"section\" data-e-type=\"section\">\n\t\t\t\t\t\t<div class=\"elementor-container elementor-column-gap-default\">\n\t\t\t\t\t<div class=\"elementor-column elementor-col-100 elementor-top-column elementor-element elementor-element-075f32c\" data-id=\"075f32c\" data-element_type=\"column\" data-e-type=\"column\">\n\t\t\t<div class=\"elementor-widget-wrap elementor-element-populated\">\n\t\t\t\t\t\t<div class=\"elementor-element elementor-element-f8912de elementor-icon-list--layout-traditional elementor-list-item-link-full_width elementor-widget elementor-widget-icon-list\" data-id=\"f8912de\" data-element_type=\"widget\" data-e-type=\"widget\" data-widget_type=\"icon-list.default\">\n\t\t\t\t<div class=\"elementor-widget-container\">\n\t\t\t\t\t\t\t<ul class=\"elementor-icon-list-items\">\n\t\t\t\t\t\t\t<li class=\"elementor-icon-list-item\">\n\t\t\t\t\t\t\t\t\t\t\t<a href=\"https:\/\/avisolegal.cl\/\">\n\n\t\t\t\t\t\t\t\t\t\t\t\t<span class=\"elementor-icon-list-icon\">\n\t\t\t\t\t\t\t<i aria-hidden=\"true\" class=\"fas fa-angle-right\"><\/i>\t\t\t\t\t\t<\/span>\n\t\t\t\t\t\t\t\t\t\t<span class=\"elementor-icon-list-text\">Inicio<\/span>\n\t\t\t\t\t\t\t\t\t\t\t<\/a>\n\t\t\t\t\t\t\t\t\t<\/li>\n\t\t\t\t\t\t\t\t<li class=\"elementor-icon-list-item\">\n\t\t\t\t\t\t\t\t\t\t\t<a href=\"https:\/\/avisolegal.cl\/?page_id=1046\">\n\n\t\t\t\t\t\t\t\t\t\t\t\t<span class=\"elementor-icon-list-icon\">\n\t\t\t\t\t\t\t<i aria-hidden=\"true\" class=\"fas fa-angle-right\"><\/i>\t\t\t\t\t\t<\/span>\n\t\t\t\t\t\t\t\t\t\t<span class=\"elementor-icon-list-text\">Balances y EEFF<\/span>\n\t\t\t\t\t\t\t\t\t\t\t<\/a>\n\t\t\t\t\t\t\t\t\t<\/li>\n\t\t\t\t\t\t\t\t<li class=\"elementor-icon-list-item\">\n\t\t\t\t\t\t\t\t\t\t\t<a href=\"https:\/\/avisolegal.cl\/?page_id=18443\">\n\n\t\t\t\t\t\t\t\t\t\t\t\t<span class=\"elementor-icon-list-icon\">\n\t\t\t\t\t\t\t<i aria-hidden=\"true\" class=\"fas fa-angle-right\"><\/i>\t\t\t\t\t\t<\/span>\n\t\t\t\t\t\t\t\t\t\t<span class=\"elementor-icon-list-text\">Citaciones<\/span>\n\t\t\t\t\t\t\t\t\t\t\t<\/a>\n\t\t\t\t\t\t\t\t\t<\/li>\n\t\t\t\t\t\t\t\t<li class=\"elementor-icon-list-item\">\n\t\t\t\t\t\t\t\t\t\t\t<a href=\"https:\/\/avisolegal.cl\/?page_id=16093\">\n\n\t\t\t\t\t\t\t\t\t\t\t\t<span class=\"elementor-icon-list-icon\">\n\t\t\t\t\t\t\t<i aria-hidden=\"true\" class=\"fas fa-angle-right\"><\/i>\t\t\t\t\t\t<\/span>\n\t\t\t\t\t\t\t\t\t\t<span class=\"elementor-icon-list-text\">Concursos P\u00fablicos<\/span>\n\t\t\t\t\t\t\t\t\t\t\t<\/a>\n\t\t\t\t\t\t\t\t\t<\/li>\n\t\t\t\t\t\t\t\t<li class=\"elementor-icon-list-item\">\n\t\t\t\t\t\t\t\t\t\t\t<a href=\"https:\/\/avisolegal.cl\/?page_id=18408\">\n\n\t\t\t\t\t\t\t\t\t\t\t\t<span class=\"elementor-icon-list-icon\">\n\t\t\t\t\t\t\t<i aria-hidden=\"true\" class=\"fas fa-angle-right\"><\/i>\t\t\t\t\t\t<\/span>\n\t\t\t\t\t\t\t\t\t\t<span class=\"elementor-icon-list-text\">Consultas P\u00fablicas<\/span>\n\t\t\t\t\t\t\t\t\t\t\t<\/a>\n\t\t\t\t\t\t\t\t\t<\/li>\n\t\t\t\t\t\t\t\t<li class=\"elementor-icon-list-item\">\n\t\t\t\t\t\t\t\t\t\t\t<a href=\"https:\/\/avisolegal.cl\/?page_id=22478\">\n\n\t\t\t\t\t\t\t\t\t\t\t\t<span class=\"elementor-icon-list-icon\">\n\t\t\t\t\t\t\t<i aria-hidden=\"true\" class=\"fas fa-angle-right\"><\/i>\t\t\t\t\t\t<\/span>\n\t\t\t\t\t\t\t\t\t\t<span class=\"elementor-icon-list-text\">Convocatorias<\/span>\n\t\t\t\t\t\t\t\t\t\t\t<\/a>\n\t\t\t\t\t\t\t\t\t<\/li>\n\t\t\t\t\t\t\t\t<li class=\"elementor-icon-list-item\">\n\t\t\t\t\t\t\t\t\t\t\t<a href=\"https:\/\/avisolegal.cl\/?page_id=21005\">\n\n\t\t\t\t\t\t\t\t\t\t\t\t<span class=\"elementor-icon-list-icon\">\n\t\t\t\t\t\t\t<i aria-hidden=\"true\" class=\"fas fa-angle-right\"><\/i>\t\t\t\t\t\t<\/span>\n\t\t\t\t\t\t\t\t\t\t<span class=\"elementor-icon-list-text\">CORFO<\/span>\n\t\t\t\t\t\t\t\t\t\t\t<\/a>\n\t\t\t\t\t\t\t\t\t<\/li>\n\t\t\t\t\t\t\t\t<li class=\"elementor-icon-list-item\">\n\t\t\t\t\t\t\t\t\t\t\t<a href=\"https:\/\/avisolegal.cl\/?page_id=17859\">\n\n\t\t\t\t\t\t\t\t\t\t\t\t<span class=\"elementor-icon-list-icon\">\n\t\t\t\t\t\t\t<i aria-hidden=\"true\" class=\"fas fa-angle-right\"><\/i>\t\t\t\t\t\t<\/span>\n\t\t\t\t\t\t\t\t\t\t<span class=\"elementor-icon-list-text\">Decretos<\/span>\n\t\t\t\t\t\t\t\t\t\t\t<\/a>\n\t\t\t\t\t\t\t\t\t<\/li>\n\t\t\t\t\t\t\t\t<li class=\"elementor-icon-list-item\">\n\t\t\t\t\t\t\t\t\t\t\t<a href=\"https:\/\/avisolegal.cl\/?page_id=24114\">\n\n\t\t\t\t\t\t\t\t\t\t\t\t<span class=\"elementor-icon-list-icon\">\n\t\t\t\t\t\t\t<i aria-hidden=\"true\" class=\"fas fa-angle-right\"><\/i>\t\t\t\t\t\t<\/span>\n\t\t\t\t\t\t\t\t\t\t<span class=\"elementor-icon-list-text\">Derechos de Agua<\/span>\n\t\t\t\t\t\t\t\t\t\t\t<\/a>\n\t\t\t\t\t\t\t\t\t<\/li>\n\t\t\t\t\t\t\t\t<li class=\"elementor-icon-list-item\">\n\t\t\t\t\t\t\t\t\t\t\t<a href=\"https:\/\/avisolegal.cl\/?page_id=1036\">\n\n\t\t\t\t\t\t\t\t\t\t\t\t<span class=\"elementor-icon-list-icon\">\n\t\t\t\t\t\t\t<i aria-hidden=\"true\" class=\"fas fa-angle-right\"><\/i>\t\t\t\t\t\t<\/span>\n\t\t\t\t\t\t\t\t\t\t<span class=\"elementor-icon-list-text\">Dividendos<\/span>\n\t\t\t\t\t\t\t\t\t\t\t<\/a>\n\t\t\t\t\t\t\t\t\t<\/li>\n\t\t\t\t\t\t\t\t<li class=\"elementor-icon-list-item\">\n\t\t\t\t\t\t\t\t\t\t\t<a href=\"https:\/\/avisolegal.cl\/?page_id=1060\">\n\n\t\t\t\t\t\t\t\t\t\t\t\t<span class=\"elementor-icon-list-icon\">\n\t\t\t\t\t\t\t<i aria-hidden=\"true\" class=\"fas fa-angle-right\"><\/i>\t\t\t\t\t\t<\/span>\n\t\t\t\t\t\t\t\t\t\t<span class=\"elementor-icon-list-text\">Extrav\u00edo de documentos<\/span>\n\t\t\t\t\t\t\t\t\t\t\t<\/a>\n\t\t\t\t\t\t\t\t\t<\/li>\n\t\t\t\t\t\t\t\t<li class=\"elementor-icon-list-item\">\n\t\t\t\t\t\t\t\t\t\t\t<a href=\"https:\/\/avisolegal.cl\/?page_id=23455\">\n\n\t\t\t\t\t\t\t\t\t\t\t\t<span class=\"elementor-icon-list-icon\">\n\t\t\t\t\t\t\t<i aria-hidden=\"true\" class=\"fas fa-angle-right\"><\/i>\t\t\t\t\t\t<\/span>\n\t\t\t\t\t\t\t\t\t\t<span class=\"elementor-icon-list-text\">Juzgado de Cuentas<\/span>\n\t\t\t\t\t\t\t\t\t\t\t<\/a>\n\t\t\t\t\t\t\t\t\t<\/li>\n\t\t\t\t\t\t\t\t<li class=\"elementor-icon-list-item\">\n\t\t\t\t\t\t\t\t\t\t\t<a href=\"https:\/\/avisolegal.cl\/?page_id=1077&#038;preview_id=1077\">\n\n\t\t\t\t\t\t\t\t\t\t\t\t<span class=\"elementor-icon-list-icon\">\n\t\t\t\t\t\t\t<i aria-hidden=\"true\" class=\"fas fa-angle-right\"><\/i>\t\t\t\t\t\t<\/span>\n\t\t\t\t\t\t\t\t\t\t<span class=\"elementor-icon-list-text\">Licitaciones<\/span>\n\t\t\t\t\t\t\t\t\t\t\t<\/a>\n\t\t\t\t\t\t\t\t\t<\/li>\n\t\t\t\t\t\t\t\t<li class=\"elementor-icon-list-item\">\n\t\t\t\t\t\t\t\t\t\t\t<a href=\"https:\/\/avisolegal.cl\/?page_id=25805\">\n\n\t\t\t\t\t\t\t\t\t\t\t\t<span class=\"elementor-icon-list-icon\">\n\t\t\t\t\t\t\t<i aria-hidden=\"true\" class=\"fas fa-angle-right\"><\/i>\t\t\t\t\t\t<\/span>\n\t\t\t\t\t\t\t\t\t\t<span class=\"elementor-icon-list-text\">M. de Bienes Nacionales<\/span>\n\t\t\t\t\t\t\t\t\t\t\t<\/a>\n\t\t\t\t\t\t\t\t\t<\/li>\n\t\t\t\t\t\t\t\t<li class=\"elementor-icon-list-item\">\n\t\t\t\t\t\t\t\t\t\t\t<a href=\"https:\/\/avisolegal.cl\/?page_id=15892\">\n\n\t\t\t\t\t\t\t\t\t\t\t\t<span class=\"elementor-icon-list-icon\">\n\t\t\t\t\t\t\t<i aria-hidden=\"true\" class=\"fas fa-angle-right\"><\/i>\t\t\t\t\t\t<\/span>\n\t\t\t\t\t\t\t\t\t\t<span class=\"elementor-icon-list-text\">MINVU<\/span>\n\t\t\t\t\t\t\t\t\t\t\t<\/a>\n\t\t\t\t\t\t\t\t\t<\/li>\n\t\t\t\t\t\t\t\t<li class=\"elementor-icon-list-item\">\n\t\t\t\t\t\t\t\t\t\t\t<a href=\"https:\/\/avisolegal.cl\/?page_id=5753\">\n\n\t\t\t\t\t\t\t\t\t\t\t\t<span class=\"elementor-icon-list-icon\">\n\t\t\t\t\t\t\t<i aria-hidden=\"true\" class=\"fas fa-angle-right\"><\/i>\t\t\t\t\t\t<\/span>\n\t\t\t\t\t\t\t\t\t\t<span class=\"elementor-icon-list-text\">Notificaciones<\/span>\n\t\t\t\t\t\t\t\t\t\t\t<\/a>\n\t\t\t\t\t\t\t\t\t<\/li>\n\t\t\t\t\t\t\t\t<li class=\"elementor-icon-list-item\">\n\t\t\t\t\t\t\t\t\t\t\t<a href=\"https:\/\/avisolegal.cl\/?page_id=1081\">\n\n\t\t\t\t\t\t\t\t\t\t\t\t<span class=\"elementor-icon-list-icon\">\n\t\t\t\t\t\t\t<i aria-hidden=\"true\" class=\"fas fa-angle-right\"><\/i>\t\t\t\t\t\t<\/span>\n\t\t\t\t\t\t\t\t\t\t<span class=\"elementor-icon-list-text\">Ordenanzas y Extractos<\/span>\n\t\t\t\t\t\t\t\t\t\t\t<\/a>\n\t\t\t\t\t\t\t\t\t<\/li>\n\t\t\t\t\t\t\t\t<li class=\"elementor-icon-list-item\">\n\t\t\t\t\t\t\t\t\t\t\t<a href=\"https:\/\/avisolegal.cl\/?page_id=1096\">\n\n\t\t\t\t\t\t\t\t\t\t\t\t<span class=\"elementor-icon-list-icon\">\n\t\t\t\t\t\t\t<i aria-hidden=\"true\" class=\"fas fa-angle-right\"><\/i>\t\t\t\t\t\t<\/span>\n\t\t\t\t\t\t\t\t\t\t<span class=\"elementor-icon-list-text\">Posesiones Efectivas<\/span>\n\t\t\t\t\t\t\t\t\t\t\t<\/a>\n\t\t\t\t\t\t\t\t\t<\/li>\n\t\t\t\t\t\t\t\t<li class=\"elementor-icon-list-item\">\n\t\t\t\t\t\t\t\t\t\t\t<a href=\"https:\/\/avisolegal.cl\/?page_id=17429\">\n\n\t\t\t\t\t\t\t\t\t\t\t\t<span class=\"elementor-icon-list-icon\">\n\t\t\t\t\t\t\t<i aria-hidden=\"true\" class=\"fas fa-chevron-right\"><\/i>\t\t\t\t\t\t<\/span>\n\t\t\t\t\t\t\t\t\t\t<span class=\"elementor-icon-list-text\">Propuestas P\u00fablicas<\/span>\n\t\t\t\t\t\t\t\t\t\t\t<\/a>\n\t\t\t\t\t\t\t\t\t<\/li>\n\t\t\t\t\t\t\t\t<li class=\"elementor-icon-list-item\">\n\t\t\t\t\t\t\t\t\t\t\t<a href=\"https:\/\/avisolegal.cl\/?page_id=7859\">\n\n\t\t\t\t\t\t\t\t\t\t\t\t<span class=\"elementor-icon-list-icon\">\n\t\t\t\t\t\t\t<i aria-hidden=\"true\" class=\"fas fa-angle-right\"><\/i>\t\t\t\t\t\t<\/span>\n\t\t\t\t\t\t\t\t\t\t<span class=\"elementor-icon-list-text\">Remates y Subastas<\/span>\n\t\t\t\t\t\t\t\t\t\t\t<\/a>\n\t\t\t\t\t\t\t\t\t<\/li>\n\t\t\t\t\t\t\t\t<li class=\"elementor-icon-list-item\">\n\t\t\t\t\t\t\t\t\t\t\t<a href=\"https:\/\/avisolegal.cl\/?page_id=24452\">\n\n\t\t\t\t\t\t\t\t\t\t\t\t<span class=\"elementor-icon-list-icon\">\n\t\t\t\t\t\t\t<i aria-hidden=\"true\" class=\"fas fa-angle-right\"><\/i>\t\t\t\t\t\t<\/span>\n\t\t\t\t\t\t\t\t\t\t<span class=\"elementor-icon-list-text\">Registro Civil<\/span>\n\t\t\t\t\t\t\t\t\t\t\t<\/a>\n\t\t\t\t\t\t\t\t\t<\/li>\n\t\t\t\t\t\t\t\t<li class=\"elementor-icon-list-item\">\n\t\t\t\t\t\t\t\t\t\t\t<a href=\"https:\/\/avisolegal.cl\/?page_id=1100\">\n\n\t\t\t\t\t\t\t\t\t\t\t\t<span class=\"elementor-icon-list-icon\">\n\t\t\t\t\t\t\t<i aria-hidden=\"true\" class=\"fas fa-angle-right\"><\/i>\t\t\t\t\t\t<\/span>\n\t\t\t\t\t\t\t\t\t\t<span class=\"elementor-icon-list-text\">Tarifas<\/span>\n\t\t\t\t\t\t\t\t\t\t\t<\/a>\n\t\t\t\t\t\t\t\t\t<\/li>\n\t\t\t\t\t\t<\/ul>\n\t\t\t\t\t\t<\/div>\n\t\t\t\t<\/div>\n\t\t\t\t\t<\/div>\n\t\t<\/div>\n\t\t\t\t\t<\/div>\n\t\t<\/section>\n\t\t\t\t<\/div>\n\t\t<\/div>\n\t\t\t\t\t\t<\/div>\n\t\t\t\t<\/div>\n\t\t\t\t<div class=\"elementor-element elementor-element-75853192 elementor-widget elementor-widget-image\" data-id=\"75853192\" data-element_type=\"widget\" data-e-type=\"widget\" data-widget_type=\"image.default\">\n\t\t\t\t<div class=\"elementor-widget-container\">\n\t\t\t\t\t\t\t\t\t\t\t\t\t\t\t\t<a href=\"https:\/\/online.avisolegal.cl\/?page_id=1305\">\n\t\t\t\t\t\t\t<img decoding=\"async\" width=\"276\" height=\"159\" src=\"https:\/\/avisolegal.cl\/wp-content\/uploads\/2022\/02\/Screenshot_57.png\" class=\"attachment-full size-full wp-image-722\" alt=\"\" \/>\t\t\t\t\t\t\t\t<\/a>\n\t\t\t\t\t\t\t\t\t\t\t\t\t\t\t<\/div>\n\t\t\t\t<\/div>\n\t\t\t\t\t<\/div>\n\t\t<\/div>\n\t\t\t\t<article class=\"elementor-column elementor-col-33 elementor-top-column elementor-element elementor-element-75328387\" data-id=\"75328387\" data-element_type=\"column\" data-e-type=\"column\" data-settings=\"{&quot;background_background&quot;:&quot;classic&quot;}\">\n\t\t\t<div class=\"elementor-widget-wrap elementor-element-populated\">\n\t\t\t\t\t\t<div class=\"elementor-element elementor-element-53ea6319 elementor-widget elementor-widget-heading\" data-id=\"53ea6319\" data-element_type=\"widget\" data-e-type=\"widget\" data-widget_type=\"heading.default\">\n\t\t\t\t<div class=\"elementor-widget-container\">\n\t\t\t\t\t<h2 class=\"elementor-heading-title elementor-size-default\">2026-09-01 \u2013 Registro Civil Regi\u00f3n de Los Lagos \u2013 Posesiones efectivas de herencias intestadas<\/h2>\t\t\t\t<\/div>\n\t\t\t\t<\/div>\n\t\t\t\t<div class=\"elementor-element elementor-element-265c919 elementor-widget elementor-widget-text-editor\" data-id=\"265c919\" data-element_type=\"widget\" data-e-type=\"widget\" data-widget_type=\"text-editor.default\">\n\t\t\t\t<div class=\"elementor-widget-container\">\n\t\t\t\t\t\t\t\t\t<p><a href=\"https:\/\/www.registrocivil.cl\/\" target=\"_blank\" rel=\"noopener\"><img loading=\"lazy\" decoding=\"async\" class=\"alignnone wp-image-24740 aligncenter\" src=\"https:\/\/avisolegal.cl\/wp-content\/uploads\/2026\/02\/logo-registro-civil-300-jpg-1-1.jpg\" alt=\"\" width=\"166\" height=\"151\" \/><\/a><\/p>\t\t\t\t\t\t\t\t<\/div>\n\t\t\t\t<\/div>\n\t\t\t\t<div class=\"elementor-element elementor-element-6eceb41 elementor-widget elementor-widget-text-editor\" data-id=\"6eceb41\" data-element_type=\"widget\" data-e-type=\"widget\" data-widget_type=\"text-editor.default\">\n\t\t\t\t<div class=\"elementor-widget-container\">\n\t\t\t\t\t\t\t\t\t<p>POSESIONES EFECTIVAS DE HERENCIAS INTESTADAS. El Director Regional del Servicio de Registro Civil e Identificaci\u00f3n REGION DE LOS LAGOS, concedi\u00f3 Posesi\u00f3n Efectiva de la Herencia Intestada de los causantes que se se\u00f1alan a continuaci\u00f3n, a los herederos y en la fecha que se indica en cada caso:<\/p><p>\u00c1GUILA HIRSCH, PATRICIA ELIANA: con fecha 24-08-2026 autoriza modificaci\u00f3n inventario Posesi\u00f3n Efectiva concedida el 29-09-2025, publicada el 01-10-2025.<\/p><p>AGUILAR GUERRERO, JOS\u00c9 ENRIQUE: con fecha 19-08-2026 autoriza modificaci\u00f3n inventario Posesi\u00f3n Efectiva concedida el 19-02-2026, publicada el 02-03-2026.<\/p><p>AGUILAR ROSALES, INELDO: con fecha 20-08-2026 autoriza modificaci\u00f3n inventario Posesi\u00f3n Efectiva concedida el 14-10-2005, publicada el 02-11-2005.<\/p><p>ALARC\u00d3N GUINEO, ADALIO HERN\u00c1N: con fecha 28-08-2026 autoriza modificaci\u00f3n inventario Posesi\u00f3n Efectiva concedida el 13-02-2026, publicada el 02-03-2026.<\/p><p>ALMONACID BARRIENTOS, MARCELO ANTONIO: con fecha 26-08-2026 autoriza modificaci\u00f3n inventario Posesi\u00f3n Efectiva concedida el 13-11-2025, publicada el 17-11-2025.<\/p><p>ALMONACID LEVI\u00d1ANCO, CRISTIAN ALEJANDRO: con fecha 07-08-2026 autoriza modificaci\u00f3n inventario Posesi\u00f3n Efectiva concedida el 17-03-2026, publicada el 01-04-2026.<\/p><p>ALMONACID MIRANDA, JUDITH DEL CARMEN: con fecha 24-08-2026 autoriza modificaci\u00f3n inventario Posesi\u00f3n Efectiva concedida el 30-05-2025, publicada el 02-06-2025.<\/p><p>ALVARADO RAIMANN, MANUEL GUSTAVO HONORIO: con fecha 17-08-2026 autoriza modificaci\u00f3n inventario Posesi\u00f3n Efectiva concedida el 09-01-2025, publicada el 15-01-2025.<\/p><p>ALVARADO VILLEGAS, JOS\u00c9 MANUEL: con fecha 25-08-2026 autoriza modificaci\u00f3n inventario Posesi\u00f3n Efectiva concedida el 21-03-2018, publicada el 02-04-2018.<\/p><p>AMPUERO BARRIENTOS, BLANCA LIDIA: con fecha 17-08-2026 autoriza modificaci\u00f3n inventario Posesi\u00f3n Efectiva concedida el 24-07-2026, publicada el 03-08-2026.<\/p><p>ANCAP\u00c1N NAGUIL, ESMELINDA: con fecha 18-08-2026 autoriza modificaci\u00f3n inventario Posesi\u00f3n Efectiva concedida el 22-05-2026, publicada el 01-06-2026.<\/p><p>AQUEVEQUE CARES, JUANA MAR\u00cdA: con fecha 26-08-2026 autoriza modificaci\u00f3n inventario Posesi\u00f3n Efectiva concedida el 11-03-2024, publicada el 15-03-2024.<\/p><p>ARCOS TORREALBA, RA\u00daL: con fecha 24-08-2026 autoriza modificaci\u00f3n inventario Posesi\u00f3n Efectiva concedida el 02-04-2026, publicada el 15-04-2026.<\/p><p>ARISMENDI VEGA, M\u00d3NICA ALICIA: con fecha 20-08-2026 autoriza modificaci\u00f3n inventario Posesi\u00f3n Efectiva concedida el 17-11-2006, publicada el 01-12-2006.<\/p><p>ASENJO PINUER, JUAN FILOMENO: con fecha 27-08-2026 autoriza modificaci\u00f3n inventario Posesi\u00f3n Efectiva concedida el 12-07-2011, publicada el 15-07-2011.<\/p><p>AZ\u00d3CAR BARR\u00cdA, MANDELINA: con fecha 30-07-2026 autoriza modificaci\u00f3n inventario Posesi\u00f3n Efectiva concedida el 18-06-2026, publicada el 01-07-2026.<\/p><p>BALCAZAR LONCOMILLA, MAR\u00cdA GRACIELA: con fecha 17-08-2026 autoriza modificaci\u00f3n inventario Posesi\u00f3n Efectiva concedida el 14-04-2026, publicada el 15-04-2026.<\/p><p>BARR\u00cdA BARR\u00cdA, FERNANDO FRANCISCO: con fecha 20-08-2026 autoriza modificaci\u00f3n inventario Posesi\u00f3n Efectiva concedida el 10-04-2025, publicada el 15-04-2025.<\/p><p>BARR\u00cdA MALDONADO, FLORENTINA: con fecha 20-08-2026 autoriza modificaci\u00f3n inventario Posesi\u00f3n Efectiva concedida el 06-07-2018, publicada el 17-07-2018.<\/p><p>BARR\u00cdA MANCILLA, ANJEL CUSTODIO: con fecha 27-08-2026 autoriza modificaci\u00f3n inventario Posesi\u00f3n Efectiva concedida el 27-04-2026, publicada el 04-05-2026.<\/p><p>BARR\u00cdA MANSILLA, MARCELO ENRIQUE: con fecha 28-08-2026 autoriza modificaci\u00f3n inventario Posesi\u00f3n Efectiva concedida el 31-07-2026, publicada el 03-08-2026.<\/p><p>BARRIENTOS KROGUER, LIZBETHY MAR\u00cdA: con fecha 17-08-2026 autoriza modificaci\u00f3n inventario Posesi\u00f3n Efectiva concedida el 08-04-2026, publicada el 15-04-2026.<\/p><p>BECKER SCHLEEF, MATILDE LIDIA: con fecha 19-08-2026 autoriza modificaci\u00f3n inventario Posesi\u00f3n Efectiva concedida el 14-06-2016, publicada el 15-06-2016.<\/p><p>BUSTAMANTE G\u00d3MEZ, ERWIN GUIDO: con fecha 27-08-2026 autoriza modificaci\u00f3n inventario Posesi\u00f3n Efectiva concedida el 08-07-2026, publicada el 15-07-2026.<\/p><p>BUSTAMANTE Z\u00da\u00d1IGA, ISABEL: con fecha 27-08-2026 autoriza modificaci\u00f3n inventario Posesi\u00f3n Efectiva concedida el 28-01-2026, publicada el 02-02-2026.<\/p><p>CARCAMO ASENCIO, ALEJANDRA FILOMENA: con fecha 26-08-2026 autoriza modificaci\u00f3n inventario Posesi\u00f3n Efectiva concedida el 31-10-2017, publicada el 02-11-2017.<\/p><p>CHEUQUI\u00c1N P\u00c9REZ, JORGE IV\u00c1N: con fecha 17-08-2026 autoriza modificaci\u00f3n inventario Posesi\u00f3n Efectiva concedida el 25-04-2011, publicada el 02-05-2011.<\/p><p>CHEUQUI\u00c1N P\u00c9REZ, MIRIAM DEL CARMEN: con fecha 17-08-2026 autoriza modificaci\u00f3n inventario Posesi\u00f3n Efectiva concedida el 12-06-2026, publicada el 15-06-2026.<\/p><p>CHIGUAI AGUILAR, LIBERTINA: con fecha 18-08-2026 autoriza modificaci\u00f3n inventario Posesi\u00f3n Efectiva concedida el 09-05-2025, publicada el 15-05-2025.<\/p><p>CHODIL , IN\u00c9S: con fecha 18-08-2026 autoriza modificaci\u00f3n inventario Posesi\u00f3n Efectiva concedida el 20-10-2017, publicada el 02-11-2017.<\/p><p>COMICHEO \u00c1GUILA, JOS\u00c9 AGUST\u00cdN: con fecha 19-08-2026 autoriza modificaci\u00f3n inventario Posesi\u00f3n Efectiva concedida el 02-06-2023, publicada el 15-06-2023.<\/p><p>D\u00cdAZ ESTORFENS, CARLOS ARMANDO: con fecha 25-08-2026 autoriza modificaci\u00f3n inventario Posesi\u00f3n Efectiva concedida el 25-09-2020, publicada el 01-10-2020.<\/p><p>DUHALDE VEGA, CONRADO ALEJANDRO: con fecha 24-08-2026 autoriza modificaci\u00f3n inventario Posesi\u00f3n Efectiva concedida el 31-07-2026, publicada el 03-08-2026.<\/p><p>ELLENBERG SOTO, JORGE: con fecha 17-08-2026 autoriza modificaci\u00f3n inventario Posesi\u00f3n Efectiva concedida el 29-05-2026, publicada el 01-06-2026.<\/p><p>FINLEZ PINTO, BERNARDITA ELVIRA: con fecha 19-08-2026 autoriza modificaci\u00f3n inventario Posesi\u00f3n Efectiva concedida el 14-07-2026, publicada el 15-07-2026.<\/p><p>GALLARDO FERN\u00c1NDEZ, TERESA BERTA: con fecha 27-08-2026 autoriza modificaci\u00f3n inventario Posesi\u00f3n Efectiva concedida el 11-08-2025, publicada el 18-08-2025.<\/p><p>GALLARDO SANCHEZ, CLAUDIO ROBERTO: con fecha 24-08-2026 autoriza modificaci\u00f3n inventario Posesi\u00f3n Efectiva concedida el 01-09-2020, publicada el 15-09-2020.<\/p><p>GALLARDO VARGAS, JULIA ARMANDA: con fecha 27-08-2026 autoriza modificaci\u00f3n inventario Posesi\u00f3n Efectiva concedida el 21-07-2025, publicada el 01-08-2025.<\/p><p>GARNICA MANCILLA, V\u00cdCTOR: con fecha 24-08-2026 autoriza modificaci\u00f3n inventario Posesi\u00f3n Efectiva concedida el 17-05-2023, publicada el 01-06-2023.<\/p><p>GONZ\u00c1LEZ CARRILLO, JOS\u00c9 ARTURO: con fecha 20-08-2026 autoriza modificaci\u00f3n inventario Posesi\u00f3n Efectiva concedida el 02-12-2010, publicada el 15-12-2010.<\/p><p>GUENTELICAN VARGAS, MARIA IRENE: con fecha 26-08-2026 autoriza modificaci\u00f3n inventario Posesi\u00f3n Efectiva concedida el 23-06-2020, publicada el 01-07-2020.<\/p><p>GUERRERO VILLARROEL, ERICA DEL CARMEN: con fecha 18-08-2026 autoriza modificaci\u00f3n inventario Posesi\u00f3n Efectiva concedida el 17-06-2024, publicada el 01-07-2024.<\/p><p>GUZM\u00c1N CONCHA, TERESA: con fecha 27-08-2026 autoriza modificaci\u00f3n inventario Posesi\u00f3n Efectiva concedida el 04-06-2018, publicada el 15-06-2018.<\/p><p>HALLER REYES, CRISTIAN SEBASTI\u00c1N: con fecha 27-08-2026 autoriza modificaci\u00f3n inventario Posesi\u00f3n Efectiva concedida el 30-06-2026, publicada el 01-07-2026.<\/p><p>HEDERRA IB\u00c1\u00d1EZ, VIOLETA DEL ROSARIO: con fecha 20-08-2026 autoriza modificaci\u00f3n inventario Posesi\u00f3n Efectiva concedida el 19-11-2020, publicada el 01-12-2020.<\/p><p>HERN\u00c1NDEZ , RAM\u00d3N: con fecha 25-08-2026 autoriza modificaci\u00f3n inventario Posesi\u00f3n Efectiva concedida el 12-03-2021, publicada el 15-03-2021.<\/p><p>HERN\u00c1NDEZ PERALTA, JORGE LUIS: con fecha 19-08-2026 autoriza modificaci\u00f3n inventario Posesi\u00f3n Efectiva concedida el 08-05-2026, publicada el 15-05-2026.<\/p><p>HERN\u00c1NDEZ RUIZ, CARLOS IV\u00c1N: con fecha 18-08-2026 autoriza modificaci\u00f3n inventario Posesi\u00f3n Efectiva concedida el 18-05-2026, publicada el 01-06-2026.<\/p><p>HERRERA CASTRO, ESTER DEL CARMEN: con fecha 19-08-2026 autoriza modificaci\u00f3n inventario Posesi\u00f3n Efectiva concedida el 22-04-2013, publicada el 02-05-2013.<\/p><p>HUENCHUCHEO VARGAS, V\u00cdCTOR ALEJANDRO: con fecha 20-08-2026 autoriza modificaci\u00f3n inventario Posesi\u00f3n Efectiva concedida el 28-04-2026, publicada el 04-05-2026.<\/p><p>HUENCHULLANCA GUAJARDO, JUAN SEGUNDO: con fecha 25-08-2026 autoriza modificaci\u00f3n inventario Posesi\u00f3n Efectiva concedida el 14-04-2026, publicada el 15-04-2026.<\/p><p>HUENUL SALDIVIA, ANDR\u00c9S ULISES: con fecha 27-08-2026 autoriza modificaci\u00f3n inventario Posesi\u00f3n Efectiva concedida el 10-02-2022, publicada el 15-02-2022.<\/p><p>HUERQUE HUERQUE, MAR\u00cdA ERNESTINA: con fecha 24-08-2026 autoriza modificaci\u00f3n inventario Posesi\u00f3n Efectiva concedida el 06-10-2025, publicada el 15-10-2025.<\/p><p>HUINCA N\u00da\u00d1EZ, TERESA: con fecha 18-08-2026 autoriza modificaci\u00f3n inventario Posesi\u00f3n Efectiva concedida el 18-04-2022, publicada el 02-05-2022.<\/p><p>JARA S\u00c1EZ, MABEL DEL ROSARIO: con fecha 26-08-2026 autoriza modificaci\u00f3n inventario Posesi\u00f3n Efectiva concedida el 19-01-2026, publicada el 02-02-2026.<\/p><p>JARA VALDERAS, LUIS ALBERTO: con fecha 19-08-2026 autoriza modificaci\u00f3n inventario Posesi\u00f3n Efectiva concedida el 11-07-2011, publicada el 15-07-2011.<\/p><p>JARA VARGAS, SERGIO PATRICIO: con fecha 24-08-2026 autoriza modificaci\u00f3n inventario Posesi\u00f3n Efectiva concedida el 24-07-2026, publicada el 03-08-2026.<\/p><p>JORQUERA GONZ\u00c1LEZ, LUIS VICENTE: con fecha 26-08-2026 autoriza modificaci\u00f3n inventario Posesi\u00f3n Efectiva concedida el 08-11-2023, publicada el 15-11-2023.<\/p><p>KEIM BRAEMER, EDUARDO OTTO ARNOLDO: con fecha 20-08-2026 autoriza modificaci\u00f3n inventario Posesi\u00f3n Efectiva concedida el 31-03-2023, publicada el 03-04-2023.<\/p><p>LEAL VILLEGAS, LORENA MAHODI: con fecha 18-08-2026 autoriza modificaci\u00f3n inventario Posesi\u00f3n Efectiva concedida el 26-05-2022, publicada el 01-06-2022.<\/p><p>LEIVA TOLEDO, V\u00cdCTOR ARIEL: con fecha 18-08-2026 autoriza modificaci\u00f3n inventario Posesi\u00f3n Efectiva concedida el 12-06-2026, publicada el 15-06-2026.<\/p><p>LE\u00d3N SALVO, SARA ELENA: con fecha 24-08-2026 autoriza modificaci\u00f3n inventario Posesi\u00f3n Efectiva concedida el 18-11-2025, publicada el 01-12-2025.<\/p><p>LEVICOI , JOS\u00c9 ALEJANDRINO: con fecha 14-08-2026 autoriza modificaci\u00f3n inventario Posesi\u00f3n Efectiva concedida el 28-02-2022, publicada el 01-03-2022.<\/p><p>LLANLL\u00c1N LLANLL\u00c1N, OLGA MAR\u00cdA: con fecha 27-08-2026 autoriza modificaci\u00f3n inventario Posesi\u00f3n Efectiva concedida el 31-07-2026, publicada el 03-08-2026.<\/p><p>LOPETEGUI GOMEZ, CAUPOLICAN: con fecha 18-08-2026 autoriza modificaci\u00f3n inventario Posesi\u00f3n Efectiva concedida el 04-01-2022, publicada el 17-01-2022.<\/p><p>LOPETEGUI KUHN, DENISE FRANCOISE: con fecha 18-08-2026 autoriza modificaci\u00f3n inventario Posesi\u00f3n Efectiva concedida el 05-05-2025, publicada el 15-05-2025.<\/p><p>MALDONADO , RICARDO: con fecha 28-08-2026 autoriza modificaci\u00f3n inventario Posesi\u00f3n Efectiva concedida el 24-07-2026, publicada el 03-08-2026.<\/p><p>MALDONADO C\u00c1RCAMO, ROSA ESTERLINA: con fecha 18-08-2026 autoriza modificaci\u00f3n inventario Posesi\u00f3n Efectiva concedida el 30-11-2023, publicada el 01-12-2023.<\/p><p>MALDONADO PEREIRA, ELIA IVONNE: con fecha 19-08-2026 autoriza modificaci\u00f3n inventario Posesi\u00f3n Efectiva concedida el 25-08-2016, publicada el 01-09-2016.<\/p><p>MALDONADO YUNGE, CARLOS ALBERTO: con fecha 26-08-2026 autoriza modificaci\u00f3n inventario Posesi\u00f3n Efectiva concedida el 27-09-2022, publicada el 03-10-2022.<\/p><p>MANCILLA CHAVES, ELISA MARGOTH: con fecha 18-08-2026 autoriza modificaci\u00f3n inventario Posesi\u00f3n Efectiva concedida el 12-01-2023, publicada el 16-01-2023.<\/p><p>MANQUI\u00c1N TRUNCE, MAR\u00cdA HORTENCIA: con fecha 26-08-2026 autoriza modificaci\u00f3n inventario Posesi\u00f3n Efectiva concedida el 07-05-2025, publicada el 15-05-2025.<\/p><p>MANSILLA ORTEGA, MAR\u00cdA EDUMENIA: con fecha 20-08-2026 autoriza modificaci\u00f3n inventario Posesi\u00f3n Efectiva concedida el 29-09-2023, publicada el 02-10-2023.<\/p><p>MARAGA\u00d1O SILVA, ANA MAR\u00cdA: con fecha 26-08-2026 autoriza modificaci\u00f3n inventario Posesi\u00f3n Efectiva concedida el 20-09-2021, publicada el 01-10-2021.<\/p><p>M\u00c1RQUEZ MU\u00d1OZ, MARLENE DEL CARMEN: con fecha 20-08-2026 autoriza modificaci\u00f3n inventario Posesi\u00f3n Efectiva concedida el 19-01-2026, publicada el 02-02-2026.<\/p><p>MAUTZ URIBE, LUIS ALBERTO: con fecha 20-08-2026 autoriza modificaci\u00f3n inventario Posesi\u00f3n Efectiva concedida el 08-05-2026, publicada el 15-05-2026.<\/p><p>MELIPILL\u00c1N , ANATOLIO: con fecha 18-08-2026 autoriza modificaci\u00f3n inventario Posesi\u00f3n Efectiva concedida el 12-06-2026, publicada el 15-06-2026.<\/p><p>MELLA REIMAPO, ZACAR\u00cdAS: con fecha 20-08-2026 autoriza modificaci\u00f3n inventario Posesi\u00f3n Efectiva concedida el 17-09-2019, publicada el 01-10-2019.<\/p><p>MILLAQU\u00c9N CARE, JUAN OSCAR: con fecha 28-08-2026 autoriza modificaci\u00f3n inventario Posesi\u00f3n Efectiva concedida el 18-11-2010, publicada el 01-12-2010.<\/p><p>MIRANDA M\u00c1RQUEZ, BERNARDITA DEL CARMEN: con fecha 20-08-2026 autoriza modificaci\u00f3n inventario Posesi\u00f3n Efectiva concedida el 08-05-2026, publicada el 15-05-2026.<\/p><p>MONTES CARRASCO, SIM\u00d3N SERGIO: con fecha 17-08-2026 autoriza modificaci\u00f3n inventario Posesi\u00f3n Efectiva concedida el 27-04-2005, publicada el 16-05-2005.<\/p><p>MU\u00d1OZ OYARZ\u00daN, LUIS HERN\u00c1N: con fecha 28-08-2026 autoriza modificaci\u00f3n inventario Posesi\u00f3n Efectiva concedida el 31-07-2026, publicada el 03-08-2026.<\/p><p>NEIRA VEGAS, OLGA RUTH: con fecha 26-08-2026 autoriza modificaci\u00f3n inventario Posesi\u00f3n Efectiva concedida el 04-02-2026, publicada el 16-02-2026.<\/p><p>OJEDA TORRES, JOS\u00c9 ANDR\u00c9S: con fecha 28-08-2026 autoriza modificaci\u00f3n inventario Posesi\u00f3n Efectiva concedida el 11-12-2025, publicada el 15-12-2025.<\/p><p>OJEDA TORRES, JOS\u00c9 RENATO: con fecha 19-08-2026 autoriza modificaci\u00f3n inventario Posesi\u00f3n Efectiva concedida el 31-08-2022, publicada el 01-09-2022.<\/p><p>OLAVARR\u00cdA LEIVA, MAR\u00cdA GENOVEVA: con fecha 19-08-2026 autoriza modificaci\u00f3n inventario Posesi\u00f3n Efectiva concedida el 23-03-2026, publicada el 01-04-2026.<\/p><p>OLIVA BARR\u00cdA, TOLENTINO SEGUNDO: con fecha 28-08-2026 autoriza modificaci\u00f3n inventario Posesi\u00f3n Efectiva concedida el 24-07-2026, publicada el 03-08-2026.<\/p><p>ORTEGA ORTEGA, CARLOS EDMUNDO: con fecha 19-08-2026 autoriza modificaci\u00f3n inventario Posesi\u00f3n Efectiva concedida el 09-01-2025, publicada el 15-01-2025.<\/p><p>ORTIZ AQUEVEQUE, MAR\u00cdA LINA: con fecha 27-08-2026 autoriza modificaci\u00f3n inventario Posesi\u00f3n Efectiva concedida el 28-03-2019, publicada el 01-04-2019.<\/p><p>OSORIO GONZ\u00c1LEZ, BERNARDITA DE LOURDES: con fecha 24-08-2026 autoriza modificaci\u00f3n inventario Posesi\u00f3n Efectiva concedida el 03-06-2024, publicada el 17-06-2024.<\/p><p>OSTOJIC ZAMORA, VIEKOSLAV DUJAM: con fecha 17-08-2026 autoriza modificaci\u00f3n inventario Posesi\u00f3n Efectiva concedida el 14-01-2026, publicada el 15-01-2026.<\/p><p>OYARZO \u00c1GUILA, SILVIA TERESA: con fecha 24-08-2026 autoriza modificaci\u00f3n inventario Posesi\u00f3n Efectiva concedida el 30-11-2021, publicada el 01-12-2021.<\/p><p>OYARZO AGUILAR, JUAN SEGUNDO: con fecha 20-08-2026 autoriza modificaci\u00f3n inventario Posesi\u00f3n Efectiva concedida el 11-11-2011, publicada el 15-11-2011.<\/p><p>OYARZ\u00daN MANCILLA, MAR\u00cdA LIDIA: con fecha 20-08-2026 autoriza modificaci\u00f3n inventario Posesi\u00f3n Efectiva concedida el 08-10-2025, publicada el 15-10-2025.<\/p><p>OYARZ\u00daN MANSILLA, NICOL\u00c1S: con fecha 24-08-2026 autoriza modificaci\u00f3n inventario Posesi\u00f3n Efectiva concedida el 02-12-2014, publicada el 15-12-2014.<\/p><p>OYARZ\u00daN OYARZ\u00daN, LIDIA CARMEN: con fecha 27-08-2026 autoriza modificaci\u00f3n inventario Posesi\u00f3n Efectiva concedida el 22-12-2023, publicada el 02-01-2024.<\/p><p>PACHECO \u00c1LVAREZ, TR\u00c1NSITO: con fecha 25-08-2026 autoriza modificaci\u00f3n inventario Posesi\u00f3n Efectiva concedida el 21-03-2018, publicada el 02-04-2018.<\/p><p>PALMA AMPUERO, DORIS YANETTE: con fecha 20-08-2026 autoriza modificaci\u00f3n inventario Posesi\u00f3n Efectiva concedida el 24-07-2026, publicada el 03-08-2026.<\/p><p>PALMA BARRERA, JOS\u00c9 RA\u00daL: con fecha 26-08-2026 autoriza modificaci\u00f3n inventario Posesi\u00f3n Efectiva concedida el 24-02-2026, publicada el 02-03-2026.<\/p><p>PARANC\u00c1N GALLARDO, CORNELIO SEGUNDO: con fecha 19-08-2026 autoriza modificaci\u00f3n inventario Posesi\u00f3n Efectiva concedida el 04-03-2008, publicada el 17-03-2008.<\/p><p>PAREDES C\u00c1RCAMO, CLEMENTINA: con fecha 11-08-2026 autoriza modificaci\u00f3n inventario Posesi\u00f3n Efectiva concedida el 30-12-2022, publicada el 03-01-2023.<\/p><p>PE\u00d1A LAGOS, BENEDICTO ISA\u00cdAS: con fecha 18-08-2026 autoriza modificaci\u00f3n inventario Posesi\u00f3n Efectiva concedida el 04-05-2026, publicada el 15-05-2026.<\/p><p>PINDA GARC\u00c9S, MAR\u00cdA ADRIELA: con fecha 24-08-2026 autoriza modificaci\u00f3n inventario Posesi\u00f3n Efectiva concedida el 31-07-2026, publicada el 03-08-2026.<\/p><p>PINILLA FERN\u00c1NDEZ, EDGARDO AN\u00cdBAL: con fecha 27-08-2026 autoriza modificaci\u00f3n inventario Posesi\u00f3n Efectiva concedida el 29-07-2024, publicada el 01-08-2024.<\/p><p>PI\u00d1ONES B\u00d3RQUEZ, MIGUEL ANGEL: con fecha 26-08-2026 autoriza modificaci\u00f3n inventario Posesi\u00f3n Efectiva concedida el 16-06-2025, publicada el 01-07-2025.<\/p><p>POZO BARR\u00cdA, V\u00cdCTOR HUGO: con fecha 19-08-2026 autoriza modificaci\u00f3n inventario Posesi\u00f3n Efectiva concedida el 15-12-2025, publicada el 02-01-2026.<\/p><p>QUEZADA TRONCOSO, BETSAB\u00c9 LASTENIA: con fecha 28-08-2026 autoriza modificaci\u00f3n inventario Posesi\u00f3n Efectiva concedida el 16-12-2024, publicada el 02-01-2025.<\/p><p>QUINTEROS ROMERO, MAR\u00cdA VICTORIA: con fecha 19-08-2026 autoriza modificaci\u00f3n inventario Posesi\u00f3n Efectiva concedida el 11-08-2021, publicada el 16-08-2021.<\/p><p>QUIROZ CEA, MAGDALENA: con fecha 19-08-2026 autoriza modificaci\u00f3n inventario Posesi\u00f3n Efectiva concedida el 24-07-2026, publicada el 03-08-2026.<\/p><p>REBOLLEDO TUCHIE, MARLENE DEIDAMIA: con fecha 24-08-2026 autoriza modificaci\u00f3n inventario Posesi\u00f3n Efectiva concedida el 25-03-2024, publicada el 01-04-2024.<\/p><p>ROA LAGOS, ALEJANDRO SEGUNDO: con fecha 05-08-2026 autoriza modificaci\u00f3n inventario Posesi\u00f3n Efectiva concedida el 23-04-2026, publicada el 04-05-2026.<\/p><p>ROSAS \u00d1IRRIL, MAR\u00cdA IRMA: con fecha 19-08-2026 autoriza modificaci\u00f3n inventario Posesi\u00f3n Efectiva concedida el 26-01-2026, publicada el 02-02-2026.<\/p><p>SALAZAR QUINTANA, SARA MAR\u00cdA: con fecha 31-08-2026 autoriza modificaci\u00f3n inventario Posesi\u00f3n Efectiva concedida el 25-09-2014, publicada el 01-10-2014.<\/p><p>SALGADO SALAS, FERNANDO ANTONIO: con fecha 23-06-2026 autoriza modificaci\u00f3n inventario Posesi\u00f3n Efectiva concedida el 29-01-2025, publicada el 03-02-2025.<\/p><p>SALINAS CAMINADA, REN\u00c9 HERIBERTO: con fecha 20-08-2026 autoriza modificaci\u00f3n inventario Posesi\u00f3n Efectiva concedida el 30-04-2026, publicada el 04-05-2026.<\/p><p>SANDOVAL GONZ\u00c1LEZ, HERTA: con fecha 27-08-2026 autoriza modificaci\u00f3n inventario Posesi\u00f3n Efectiva concedida el 10-08-2026, publicada el 17-08-2026.<\/p><p>SANDOVAL PE\u00d1A, LUZGARDA MIRIAM: con fecha 27-08-2026 autoriza modificaci\u00f3n inventario Posesi\u00f3n Efectiva concedida el 29-05-2026, publicada el 01-06-2026.<\/p><p>SANTANA BARR\u00cdA, IDA DEL TR\u00c1NSITO: con fecha 24-08-2026 autoriza modificaci\u00f3n inventario Posesi\u00f3n Efectiva concedida el 24-07-2026, publicada el 03-08-2026.<\/p><p>SCHOLZ VILLANUEVA, JORGE: con fecha 14-08-2026 autoriza modificaci\u00f3n inventario Posesi\u00f3n Efectiva concedida el 31-07-2013, publicada el 01-08-2013.<\/p><p>SILVA FIGUEROA, ARMANDO: con fecha 19-08-2026 autoriza modificaci\u00f3n inventario Posesi\u00f3n Efectiva concedida el 22-04-2025, publicada el 02-05-2025.<\/p><p>SILVA VEL\u00c1SQUEZ, ANTONIO TORIBIO: con fecha 17-08-2026 autoriza modificaci\u00f3n inventario Posesi\u00f3n Efectiva concedida el 19-01-2026, publicada el 02-02-2026.<\/p><p>SOTO , REN\u00c9: con fecha 20-08-2026 autoriza modificaci\u00f3n inventario Posesi\u00f3n Efectiva concedida el 22-05-2026, publicada el 01-06-2026.<\/p><p>SOTO CASTELBLANCO, GUILLERMO SEGUNDO: con fecha 27-08-2026 autoriza modificaci\u00f3n inventario Posesi\u00f3n Efectiva concedida el 24-07-2026, publicada el 03-08-2026.<\/p><p>SOTO OLIVARES, DORIS BENILDE: con fecha 18-08-2026 autoriza modificaci\u00f3n inventario Posesi\u00f3n Efectiva concedida el 29-11-2010, publicada el 01-12-2010.<\/p><p>SOTO SOTO, CRISTIAN ALBERTO: con fecha 26-08-2026 autoriza modificaci\u00f3n inventario Posesi\u00f3n Efectiva concedida el 24-07-2026, publicada el 03-08-2026.<\/p><p>SUAZO D\u00cdAZ, LUIS ALBERTO: con fecha 20-08-2026 autoriza modificaci\u00f3n inventario Posesi\u00f3n Efectiva concedida el 12-06-2026, publicada el 15-06-2026.<\/p><p>TORREJ\u00d3N MONDACA, DELIA DEL CARMEN: con fecha 26-08-2026 autoriza modificaci\u00f3n inventario Posesi\u00f3n Efectiva concedida el 06-07-2023, publicada el 17-07-2023.<\/p><p>VARGAS AYAMANTE, ADOLFO RADIEL: con fecha 23-07-2026 autoriza modificaci\u00f3n inventario Posesi\u00f3n Efectiva concedida el 28-02-2025, publicada el 03-03-2025.<\/p><p>VARGAS CARIM\u00c1N, MAR\u00cdA GLORIA: con fecha 27-08-2026 autoriza modificaci\u00f3n inventario Posesi\u00f3n Efectiva concedida el 13-03-2026, publicada el 16-03-2026.<\/p><p>VILLEGAS TORRES, ELBA SILVIA: con fecha 18-08-2026 autoriza modificaci\u00f3n inventario Posesi\u00f3n Efectiva concedida el 11-02-2026, publicada el 16-02-2026.<\/p><p>FLORES ORTEGA, RAM\u00d3N ANTONIO: con fecha 14-08-2026 agrega herederoa Hermano(a) LUC\u00cdA GUADALUPE FLORES ORTEGA, en Posesi\u00f3n Efectiva concedida el 24-07-2026, publicada el 03-08-2026.<\/p><p>MU\u00d1OZ S\u00c1NCHEZ, JOS\u00c9 DEL ROSARIO: con fecha 20-08-2026 agrega herederosa Hijo(a)s MAR\u00cdA TERESA MU\u00d1OZ MEZA, LUIS OMAR MU\u00d1OZ MEZA, BETTY NILSA MU\u00d1OZ MEZA, JOS\u00c9 RA\u00daL MU\u00d1OZ MEZA, IRIS ALINE MU\u00d1OZ MEZA, SANTO ANGEL MU\u00d1OZ MEZA, OLGA DINA MU\u00d1OZ MEZA, LEONOR CORINA MU\u00d1OZ MEZA, EDA DE LA CRUZ MU\u00d1OZ MEZA, ELDA NORA MU\u00d1OZ MEZA, SERGIO HUGO MU\u00d1OZ MEZA, en Posesi\u00f3n Efectiva concedida el 03-08-2006, publicada el 16-08-2006.<\/p><p>AG\u00dcERO AG\u00dcERO, ANA FLORA: a Hijo(a)s CECILIA ELISABETH MARILIC\u00c1N AG\u00dcERO, DOMINGO OMAR MARILIC\u00c1N AG\u00dcERO, LUIS RICARDO MARILIC\u00c1N AG\u00dcERO, ROSA ANG\u00c9LICA MARILIC\u00c1N AG\u00dcERO, con fecha 24-08-2026.<\/p><p>AG\u00dcERO JARAMILLO, EVA DEL CARMEN: a C\u00f3nyuge FERNANDO ALVARADO \u00c1GUILA, a Cesionario(a) NICOLE ANDREA RODR\u00cdGUEZ BURGOS, con fecha 31-08-2026.<\/p><p>AG\u00dcERO PANTOJA, CECILIA VER\u00d3NICA: a Hijo(a) DIEGO IGNACIO POZO AG\u00dcERO, con fecha 24-08-2026.<\/p><p>\u00c1GUILA OYARZO, MAR\u00cdA HILDA: a Hijo(a) MAR\u00cdA SOLANCHES SEP\u00daLVEDA \u00c1GUILA, a C\u00f3nyuge FRANCISCO SEGUNDO SEP\u00daLVEDA \u00c1VILA, con fecha 27-08-2026.<\/p><p>AGUILAR AGUILAR, MAR\u00cdA ZUNILDA: a Hijo(a)s ORITIA YOANNA TORRES AGUILAR, PABLA FABIANI TORRES AGUILAR, MARLENE BEATRIZ TORRES AGUILAR, a C\u00f3nyuge LUIS ALFONSO TORRES TORRES, con fecha 14-08-2026.<\/p><p>ALARC\u00d3N MATAMALA, CYNTHIA LORENA: a Hijo(a)s AGUSTIN TOMAS CARRI\u00d3N ALARC\u00d3N, EDUARDO ANTONIO OYARZUN ALARC\u00d3N, con fecha 28-08-2026.<\/p><p>ALVARADO MAR\u00cdN, CLAUDIA MARCELA: a Hijo(a)s CONSTANZA BEL\u00c9N VEL\u00c1SQUEZ ALVARADO, BENJAM\u00cdN ANDR\u00c9S VEL\u00c1SQUEZ ALVARADO, a C\u00f3nyuge ALDO SEGUNDO VEL\u00c1SQUEZ SANTANA, con fecha 27-08-2026.<\/p><p>ALVARADO SANTANA, AMANDA: a Hijo(a)s GLADYS DEL CARMEN VEGA ALVARADO, OSVALDO SEGUNDO VEGA ALVARADO, MIRTA DEL CARMEN VEGA ALVARADO, RICARDO ALBERTO VEGA ALVARADO, a Nieto(a)s YANIRA ANDREA NAHUELP\u00c1N VEGA, MARLYS YENNY PAREDES VEGA, CATHERINE MARISEL PAREDES VEGA, KAREN JOHANA FIERRO VEGA, EDUARDO IGNACIO LEAL VEGA, con fecha 31-08-2026.<\/p><p>\u00c1LVAREZ EMHARDT, ARTURO: a Hijo(a)s EDITH JULIETA \u00c1LVAREZ VARGAS, CARLOS IV\u00c1N \u00c1LVAREZ VARGAS, MARCELO ENRIQUE \u00c1LVAREZ VARGAS, JOS\u00c9 HERIBERTO \u00c1LVAREZ VARGAS, RODRIGO SIM\u00d3N \u00c1LVAREZ VARGAS, SANDRA VICTORIA \u00c1LVAREZ VARGAS, a C\u00f3nyuge IRENE VARGAS GUTI\u00c9RREZ, con fecha 14-08-2026.<\/p><p>\u00c1LVAREZ OYARZ\u00daN, CARLOS ALFONSO: a Hijo(a) HILDA PAOLA \u00c1LVAREZ C\u00c1RDENAS, con fecha 20-08-2026.<\/p><p>\u00c1LVAREZ VIDAL, BERNARDO: a Hijo(a)s RICARDO JAVIER \u00c1LVAREZ BARR\u00cdA, ROSA EDITH \u00c1LVAREZ BARR\u00cdA, LUIS ALFONSO \u00c1LVAREZ BARR\u00cdA, ANA MARISOL \u00c1LVAREZ BARR\u00cdA, M\u00d3NICA DEL CARMEN \u00c1LVAREZ BARR\u00cdA, MARLENE CRISTINA \u00c1LVAREZ BARR\u00cdA, a C\u00f3nyuge MAR\u00cdA ESTER BARR\u00cdA RUIZ, con fecha 28-08-2026.<\/p><p>AMARO SOTO, JUAN ERNESTO: a Hijo(a) CAROLINA ANDREA AMARO ROMERO, con fecha 20-08-2026.<\/p><p>ANDRADE MILLALONCO, ROBERTO GUINTER: a Hijo(a)s BRUNO JOAQU\u00cdN ANDRADE NANJARI, RAFAEL AGUST\u00cdN ANDRADE NANJARI, con fecha 26-08-2026.<\/p><p>ANGULO SOTO, MAR\u00cdA EUGENIA: a Madre MAR\u00cdA BELIA SOTO C\u00c1RDENAS, con fecha 26-08-2026.<\/p><p>ANGULO VILLANUEVA, YOLANDA MARGARET: a Hermano(a)s JORGE DIONICIO ANGULO VILLANUEVA, NORA MAGALY VILLANUEVA VILLANUEVA, CARLOS FERNANDO ANGULO VILLANUEVA, MAR\u00cdA YESENIA ANGULO VILLANUEVA, ANA ISABEL ANGULO HUILI, EDUARDO ENRIQUE ANGULO HUILI, H\u00c9CTOR HERN\u00c1N ANGULO HUILI, PATRICIO JAVIER ANGULO HUILI, a Sobrino(a) YANINA JAZM\u00cdN ANGULO ANGULO, con fecha 17-08-2026.<\/p><p>ANTILEF AZ\u00d3CAR, ILDEFONSO: a Hijo(a)s H\u00c9CTOR MAURICIO ANTILEF VARGAS, MAR\u00cdA JEANNETTE ANTILEF VARGAS, JOS\u00c9 HARDY ANTILEF VARGAS, GLORIA ELIZABETH ANTILEF VARGAS, ERWIN PATRICIO ANTILEF VARGAS, ILDEFONSO SEGUNDO ANTILEF VARGAS, a C\u00f3nyuge MAR\u00cdA ADELA VARGAS P\u00c9REZ, con fecha 20-08-2026.<\/p><p>ANTILEF ENIPANE, FLORA DEL CARMEN: a Hijo(a)s \u00c1FRICA BEL\u00c9N SANDOVAL ANTILEF, MAURO JAVIER SANDOVAL ANTILEF, con fecha 17-08-2026.<\/p><p>ARAVENA ROJAS, CARLOS IV\u00c1N: a Hijo(a) VER\u00d3NICA CECILIA ARAVENA DE LA FUENTE, a C\u00f3nyuge GLORIA MYRIAM ALICIA DE LA FUENTE GARRIDO, con fecha 26-08-2026.<\/p><p>ARENAS SOTO, BERNARDITA DE LOURDES: a Hijo(a)s SILVIA CAROLINA S\u00c1NCHEZ ARENAS, SERGIO RA\u00daL S\u00c1NCHEZ ARENAS, MARISEL ROXANA S\u00c1NCHEZ ARENAS, BERENICE DEL CARMEN S\u00c1NCHEZ ARENAS, con fecha 25-08-2026.<\/p><p>ARJEL GONZ\u00c1LEZ, JOS\u00c9 AMBROSIO: a Hijo(a)s IDA ANG\u00c9LICA ARJEL GONZ\u00c1LEZ, JUAN ALFONSO ARJEL GONZ\u00c1LEZ, con fecha 19-08-2026.<\/p><p>ARO OJEDA, MAR\u00cdA INOLFA: a Hijo(a) JOS\u00c9 EDILIO LENIS ARO, a Nieto(a)s RICARDO IV\u00c1N LENIS PAILLALEVE, JOHANNA MACARENA LENIS MIRANDA, con fecha 17-08-2026.<\/p><p>ARRAYET PINTO, REN\u00c9 EDUARDO: a Hijo(a)s REN\u00c9 CARLOS ARRAYET THIECK, MICHELLE ARRAYET THIECK, con fecha 20-08-2026.<\/p><p>ARRIAGADA GUARDA, BLANCA ESTER: a Hijo(a)s GUISELA DEL CARMEN COLUM ARRIAGADA, JORGE ALEJANDRO COLUM ARRIAGADA, JAVIER ARTURO COLUM ARRIAGADA, a C\u00f3nyuge JORGE COLUM GUERRERO, con fecha 26-08-2026.<\/p><p>ARTEAGA MALDONADO, JOS\u00c9 TOM\u00c1S: a Hijo(a)s JULIO C\u00c9SAR ARTEAGA PAREDES, TOM\u00c1S SEGUNDO ARTEAGA PAREDES, FLOR MARGOT ARTEAGA PAREDES, WALTER ENRIQUE ARTEAGA PAREDES, JUAN EDMUNDO ARTEAGA PAREDES, a Nieto(a)s CRISTIAN ANDR\u00c9S ARTEAGA ARREY, DIEGO FERNANDO ARTEAGA ARREY, JORGE ANDR\u00c9S ARTEAGA GONZ\u00c1LEZ, a C\u00f3nyuge FLOR EMA PAREDES VARGAS, con fecha 26-08-2026.<\/p><p>\u00c1VALOS , LUZMIRA DEL CARMEN: a Hijo(a)s LUIS BRAVO \u00c1VALOS, JUAN ANTONIO BRAVO \u00c1VALOS, GLORIA ANG\u00c9LICA BRAVO \u00c1VALOS, MANUEL JES\u00daS BRAVO \u00c1VALOS, LIDIA DEL CARMEN BRAVO \u00c1VALOS, con fecha 25-08-2026.<\/p><p>BAHAMONDE BAHAMONDE, MAR\u00cdA NINFA: a Hijo(a)s VICTORIA XIMENA BARR\u00cdA BAHAMONDE, LUIS ROBINSON BARR\u00cdA BAHAMONDE, FRANCISCO REINALDO BARR\u00cdA BAHAMONDE, con fecha 14-08-2026.<\/p><p>BAHAMONDE V\u00c1SQUEZ, JUAN EMILIO: a Hijo(a)s JOS\u00c9 REIMUNDO BAHAMONDE BAHAMONDE, MAR\u00cdA VIRGINIA BAHAMONDE BAHAMONDE, FILOMENA DEL CARMEN BAHAMONDE BAHAMONDE, ANA ROSA BAHAMONDE BAHAMONDE, a C\u00f3nyuge BERNARDITA DE LOURDES BAHAMONDE PAREDES, con fecha 24-08-2026.<\/p><p>BARRERA BARRIENTOS, EMELDA: a Hijo(a)s DEBORA NOEM\u00cd HIDALGO BARRERA, CLAUDIA PATRICIA HIDALGO BARRERA, M\u00d3NICA MIRTA HIDALGO BARRERA, con fecha 24-08-2026.<\/p><p>BARR\u00cdA A\u00d1AZCO, EDDI ARMIN: a Hijo(a)s MANUEL ANTONIO BARR\u00cdA OYARZO, LORENA ALBERTINA BARR\u00cdA OYARZO, a C\u00f3nyuge ROSA DALIA OYARZO RUIZ, con fecha 26-08-2026.<\/p><p>BARR\u00cdA MANZANARES, JOS\u00c9 DAGOBERTO: a Hijo(a)s DORA ALEJANDRA BARR\u00cdA PAIDANCA, PAOLA ANDREA BARR\u00cdA PAIDANCA, NADIA ELENA BARR\u00cdA PAIDANCA, ERIC DAGOBERTO BARR\u00cdA PAIDANCA, a C\u00f3nyuge MAR\u00cdA IBETH PAIDANCA ALLANC\u00c1N, con fecha 25-08-2026.<\/p><p>BARR\u00cdA RUIZ, MAR\u00cdA ESTER: a Hijo(a)s RICARDO JAVIER \u00c1LVAREZ BARR\u00cdA, ROSA EDITH \u00c1LVAREZ BARR\u00cdA, LUIS ALFONSO \u00c1LVAREZ BARR\u00cdA, ANA MARISOL \u00c1LVAREZ BARR\u00cdA, MARLENE CRISTINA \u00c1LVAREZ BARR\u00cdA, M\u00d3NICA DEL CARMEN \u00c1LVAREZ BARR\u00cdA, con fecha 28-08-2026.<\/p><p>BARR\u00cdA S\u00c1NCHEZ, CELESTINA: a Hijo(a)s GAST\u00d3N ORLANDO C\u00c1RDENAS BARR\u00cdA, SERGIO HAROLDO C\u00c1RDENAS BARR\u00cdA, ANGELA ELISABETH C\u00c1RDENAS BARR\u00cdA, H\u00c9CTOR FRANCISCO C\u00c1RDENAS BARR\u00cdA, JORGE LUIS C\u00c1RDENAS BARR\u00cdA, JUAN CARLOS C\u00c1RDENAS BARR\u00cdA, JACQUELINE DEL TR\u00c1NSITO C\u00c1RDENAS BARR\u00cdA, a Nieto(a)s DANIEL OSVALDO C\u00c1RDENAS L\u00d3PEZ, SEBASTI\u00c1N ANDR\u00c9S C\u00c1RDENAS L\u00d3PEZ, JERAMEEL EUGENIA C\u00c1RDENAS ARAVALES, IGNACIO ESTEBAN C\u00c1RDENAS L\u00d3PEZ, AIL\u00ccN ISIDORA C\u00c1RDENAS ARAVALES, con fecha 19-08-2026.<\/p><p>BARRIENTOS BUSTAMANTE, JUAN BAUTISTA: a Hijo(a) SANDRA PAOLA BARRIENTOS BARRIENTOS, a C\u00f3nyuge JOVITA BARRIENTOS BARRIENTOS, con fecha 14-08-2026.<\/p><p>BARRIENTOS BUSTAMANTE, ORLANDO PASCUAL: a Hijo(a)s MARCIA ALEJANDRA BARRIENTOS VEL\u00c1SQUEZ, ORLANDO JAVIER BARRIENTOS VEL\u00c1SQUEZ, con fecha 25-08-2026.<\/p><p>BARRIENTOS GUERRERO, RUTH DORALIZA: a Hijo(a)s JUAN LUIS A\u00d1AZCO BARRIENTOS, RUTH MARCELA A\u00d1AZCO BARRIENTOS, con fecha 17-08-2026.<\/p><p>BENAVIDES BAEZ, LETICIA DEL CARMEN: a Hijo(a) B\u00c1RBARA LETICIA ROSA CELESTE MENA BENAVIDES, con fecha 27-08-2026.<\/p><p>BERTIN MUNDACA, ELIANA: a Hijo(a) PABLO ANDR\u00c9S EISENDECHER BERTIN, con fecha 17-08-2026.<\/p><p>BRACHO VIVAR, RUTH ELIANA: a Hijo(a)s IVETTE DEL CARMEN ALVARADO BRACHO, PATRICIA VER\u00d3NICA ALVARADO BRACHO, a Nieto(a)s CAROLINA ANDREA ALVARADO PUSCHEL, ANA MAR\u00cdA ALVARADO PUSCHEL, NICOL\u00c1S IGNACIO ALVARADO MART\u00cdNEZ, con fecha 14-08-2026.<\/p><p>BRUNO COCIO, CRUCILDA: a Hijo(a)s CARLOS QUILEMPAN BRUNO, ROSAL\u00cdA MARGOT LEAL BRUNO, a C\u00f3nyuge ALBERTO LEAL ANTILEF, con fecha 31-08-2026.<\/p><p>BURGOS CAMI, GUILLERMINA: a Hijo(a) FLAVIO JAIME SER\u00d3N BURGOS, con fecha 28-08-2026.<\/p><p>BUSTAMANTE CAICO, DOMITILA: a Hijo(a) MIRIAM YENNY SILVA BUSTAMANTE, con fecha 20-08-2026.<\/p><p>BUSTOS CANCINO, GISELA LEONOR: a Hijo(a)s SEBASTI\u00c1N ANDR\u00c9S \u00c1VILA BUSTOS, CRIST\u00d3BAL AARON \u00c1VILA BUSTOS, con fecha 26-08-2026.<\/p><p>CALVUN MANQUELEPI, BAUDELIA: a Hijo(a)s ANTONIO OJEDA CALB\u00daN, CANDELARIA OJEDA CALB\u00daN, sin perjuicio derechos c\u00f3nyuge sobreviviente JOSE ESTANISLAO OJEDA LEVILL, con fecha 27-08-2026.<\/p><p>CAMPOS ROSAS, RODEMIL: a Hijo(a)s CLAUDIA ALEJANDRA CAMPOS HERN\u00c1NDEZ, LORENA ELIZABETH CAMPOS HERN\u00c1NDEZ, JORGE RODRIGO CAMPOS HERN\u00c1NDEZ, a C\u00f3nyuge MAR\u00cdA DEIDAMIA HERN\u00c1NDEZ CARRILLO, con fecha 26-08-2026.<\/p><p>C\u00c1RCAMO \u00c1VALOS, JOS\u00c9 TEMISTOCLES: a Hijo(a)s ESTEBAN ARIEL C\u00c1RCAMO CORONADO, ROMINA SOLANGE C\u00c1RCAMO CORONADO, VICTORIA NICOLE C\u00c1RCAMO CORONADO, FRANCISCO IGNACIO VILLANUEVA S\u00c1EZ, a Nieto(a)s TOM\u00c1S AGUST\u00cdN C\u00c1RCAMO HIGUERA, JOAQU\u00cdN RA\u00daL C\u00c1RCAMO HIGUERA, con fecha 20-08-2026.<\/p><p>C\u00c1RCAMO CUITI\u00d1O, MAR\u00cdA CANDELARIA: a Hijo(a) MARLENE DEL CARMEN GUTI\u00c9RREZ C\u00c1RCAMO, con fecha 27-08-2026.<\/p><p>C\u00c1RDENAS C\u00c1RCAMO, ROBERTO: a Hijo(a)s MARCIA REGUINA C\u00c1RDENAS D\u00cdAZ, V\u00cdCTOR HUGO C\u00c1RDENAS D\u00cdAZ, JUAN ORLANDO C\u00c1RDENAS D\u00cdAZ, ROBERTO JAVIER C\u00c1RDENAS D\u00cdAZ, JORGE LUIS C\u00c1RDENAS D\u00cdAZ, sin perjuicio derechos c\u00f3nyuge sobreviviente MAR\u00cdA JOVITA D\u00cdAZ BAHAMONDE, con fecha 20-08-2026.<\/p><p>C\u00c1RDENAS D\u00cdAZ, ANA BERNARDITA: a Hijo(a) GAST\u00d3N IGNACIO CASTRO C\u00c1RDENAS, a Nieto(a)s SUSANA ALEJANDRA WISTERLICH HUEITRA, LUIS ANDR\u00c9S WISTERLICH HUEITRA, FRANCISCO JAVIER CASTRO GONZ\u00c1LEZ, CATALINA ISIDORA CASTRO GONZ\u00c1LEZ, DANIELA GISSELLE GARC\u00cdA CASTRO, YOHANA ANDREA GARC\u00cdA CASTRO, con fecha 24-08-2026.<\/p><p>C\u00c1RDENAS P\u00c9REZ, ANGEL AD\u00c1N: a Hijo(a)s REN\u00c9 DEMETRIO C\u00c1RDENAS P\u00c9REZ, ANGEL DARWIN C\u00c1RDENAS P\u00c9REZ, N\u00c9LIDA ELIZABETH C\u00c1RDENAS P\u00c9REZ, JUAN BAUTISTA C\u00c1RDENAS P\u00c9REZ, ANA MAR\u00cdA C\u00c1RDENAS P\u00c9REZ, ALBERTO ULISES C\u00c1RDENAS P\u00c9REZ, MIRIAM ISABEL C\u00c1RDENAS P\u00c9REZ, a C\u00f3nyuge LIDIA P\u00c9REZ MIRANDA, con fecha 20-08-2026.<\/p><p>C\u00c1RDENAS VIDAL, ROSA ESTELA: a Hijo(a)s YARELA KATIUSKA PE\u00d1A C\u00c1RDENAS, EDITH JIMENA PE\u00d1A C\u00c1RDENAS, LUIS GALVARINO PE\u00d1A C\u00c1RDENAS, con fecha 24-08-2026.<\/p><p>CARIMONEI CO\u00d1UECAR, MAR\u00cdA CLARISA: a Hijo(a)s MAR\u00cdA LUISA GUAIQUIN CARIMONEY, JOS\u00c9 DANIEL GUAIQUIN CARIMONEY, MANUEL ANTONIO GUAIQUIN CARIMONEY, a C\u00f3nyuge JOS\u00c9 LEONARDO GUAIQUIN HUENCHUR, con fecha 24-08-2026.<\/p><p>CARMONA HERRAS, DAVID ANTONIO: a Hijo(a)s ANDREA YESENIA CARMONA MART\u00cdNEZ, LUIS ANTONIO CARMONA MART\u00cdNEZ, HELBERT DAVID CARMONA MART\u00cdNEZ, a C\u00f3nyuge SILVIA IRIS MART\u00cdNEZ MU\u00d1OZ, con fecha 20-08-2026.<\/p><p>CASANOVA BARRIENTOS, EDUARDO: a Hijo(a)s JUAN CARLOS CASANOVA REYES, EDUARDO SEGUNDO CASANOVA REYES, IV\u00c1N ERWIN CASANOVA REYES, MARTA ERICA CASANOVA GARRIDO, sin perjuicio derechos c\u00f3nyuge sobreviviente LIDIA REYES NEGR\u00d3N, con fecha 26-08-2026.<\/p><p>CASTILLO MORAGA, ADRIANA DEL CARMEN: a Hijo(a)s M\u00d3NICA PATRICIA CORNEJO CASTILLO, CATALINA DEL CARMEN CORNEJO CASTILLO, a C\u00f3nyuge PATRICIO ALBERTO CORNEJO CATAL\u00c1N, con fecha 27-08-2026.<\/p><p>CASTRO ALBORNOZ, JEANNETTE DE LAS MERCEDES: a Madre ADIOLINDA DEL ROSARIO ALBORNOZ LECAROS, con fecha 25-08-2026.<\/p><p>CASTRO P\u00c9REZ, CARLOS: a Hijo(a)s MARYLUZ DEL CARMEN CASTRO OJEDA, ISABEL MARLENE CASTRO OJEDA, CLAUDIA PAOLA CASTRO OJEDA, CARLOS BELARMINO CASTRO OJEDA, ROXANA BEATRIZ CASTRO OJEDA, a C\u00f3nyuge DORIS GUILLERMINA OJEDA MIRANDA, con fecha 24-08-2026.<\/p><p>CATAL\u00c1N RIQUELME, ANSELMO: a Hijo(a)s EDUARDO AUGUSTO CATAL\u00c1N MOLINA, JAIME ANSELMO CATAL\u00c1N MOLINA, a C\u00f3nyuge LUCILA MOLINA G\u00d3MEZ, con fecha 27-08-2026.<\/p><p>CATAL\u00c1N ZAMBRANO, RICARDO: a Hijo(a) CAROLINA ANDREA CATAL\u00c1N ARZE, con fecha 31-08-2026.<\/p><p>CATRILEF GUZM\u00c1N, HILDA: a Hijo(a)s ORLANDO CERDA CATRILEF, NELSON GUILLERMO CERDA CATRILEF, CARLOS ENRIQUE CERDA CATRILEF, ELIZABETH DEL CARMEN CERDA CATRILEF, JOS\u00c9 DI\u00d3GENES CERDA CATRILEF, JORGE RA\u00daL CERDA CATRILEF, con fecha 17-08-2026.<\/p><p>CH\u00c1VEZ C\u00c1RDENAS, MILAGRO: a Hijo(a)s JOS\u00c9 ROLANDO CH\u00c1VEZ CH\u00c1VEZ, RICARDO ARMANDO CH\u00c1VEZ CH\u00c1VEZ, RA\u00daL JOS\u00c9 CH\u00c1VEZ CH\u00c1VEZ, SILVIA DEL CARMEN CH\u00c1VEZ CH\u00c1VEZ, a Cesionario(a) ANDR\u00c9S OMAR MANSILLA MU\u00d1OZ, con fecha 20-08-2026.<\/p><p>CHIGUAY NAHUELCAR, RAM\u00d3N ORLANDO: a Cesionario(a) CATALINA TATIANA CALBUYAHUE GALINDO, con fecha 27-08-2026.<\/p><p>COLUM GUERRERO, JORGE: a Hijo(a)s GUISELA DEL CARMEN COLUM ARRIAGADA, JORGE ALEJANDRO COLUM ARRIAGADA, JAVIER ARTURO COLUM ARRIAGADA, con fecha 26-08-2026.<\/p><p>CUMIC\u00c1N ROSAS, ROBERTO: a Hijo(a)s JUAN BAUTISTA CUMIC\u00c1N EPUYAO, GRACIELA DEL CARMEN CUMIC\u00c1N EPUYAO, con fecha 14-08-2026.<\/p><p>CURRIMIL CH\u00c1VEZ, HILDA: a Hermano(a)s MAR\u00cdA CURRIMIL CH\u00c1VEZ, RA\u00daL CURRIMIL CH\u00c1VEZ, CLEMENTE SEGUNDO CURRIMIL CH\u00c1VEZ, con fecha 28-08-2026.<\/p><p>CURUMILLA GONZ\u00c1LEZ, JUAN DOMINGO: a Hijo(a) M\u00d3NICA DEL CARMEN CURUMILLA NANCUANTE, a C\u00f3nyuge EDITA DEL CARMEN NANCUANTE PAILLACAR, con fecha 20-08-2026.<\/p><p>DELGADO HARO, IDA: a Hijo(a)s FLOR MAR\u00cdA C\u00c1RDENAS DELGADO, JUAN CARLOS C\u00c1RDENAS DELGADO, NORA DEL CARMEN DELGADO , con fecha 24-08-2026.<\/p><p>DEL R\u00cdO MONTIEL, REN\u00c9 IV\u00c1N: a Hijo(a)s DANITZA NAYARET DEL R\u00cdO RODR\u00cdGUEZ, WALESCA ALEJANDRA DEL R\u00cdO RODR\u00cdGUEZ, a C\u00f3nyuge MARITZA RAQUEL RODR\u00cdGUEZ L\u00d3PEZ, con fecha 17-08-2026.<\/p><p>D\u00cdAZ ESTORFENS, HERN\u00c1N HUMBERTO: a Hijo(a)s HERN\u00c1N EDMUNDO D\u00cdAZ HERN\u00c1NDEZ, GONZALO SEBASTI\u00c1N D\u00cdAZ HERN\u00c1NDEZ, ANTONIA BEL\u00c9N D\u00cdAZ HERN\u00c1NDEZ, JAVIERA ESTEFANI D\u00cdAZ MU\u00d1OZ, a C\u00f3nyuge DORALIZA DEL CARMEN HERN\u00c1NDEZ CAIGUAN, con fecha 20-08-2026.<\/p><p>DUAMANTE VALERIO, LUIS RAM\u00d3N: a Hijo(a)s LUIS ALEJANDRO DUAMANTE CARRASCO, YASNA PAOLA DUAMANTE CARRASCO, FRANCISCO JAVIER DUAMANTE CARRASCO, LUIS RODRIGO DUAMANTE PLAZA, a C\u00f3nyuge SONIA URDELINDA CARRASCO MELLA, con fecha 24-08-2026.<\/p><p>FIGUEROA ROSALES, ALFONSO ENRIQUE: a Madre EMA AURORA ROSALES ABELLO, con fecha 24-08-2026.<\/p><p>FLORES ASPE, ELIANA ELISA: a Hijo(a)s CAMILA FERNANDA LEIVA FLORES, CARLA VANESSA LEIVA FLORES, con fecha 14-08-2026.<\/p><p>FUENTES MORENO, LUIS FERNANDO: a Hijo(a)s DANIELA ANDREA FUENTES CARRE\u00d1O, RODRIGO FERNANDO FUENTES CARRE\u00d1O, PAULA PATRICIA FUENTES CARRE\u00d1O, con fecha 25-08-2026.<\/p><p>GALLARDO GALLARDO, RAQUEL ELVIRA: a Hijo(a)s GRISEL PAOLA ANGEL GALLARDO, INGRID VALESKA ANGEL GALLARDO, IVONNE DE LAS MERCEDES ANGEL GALLARDO, LUIS ALEX ANGEL GALLARDO, con fecha 24-08-2026.<\/p><p>GALLARDO NAVARRO, NIBALDO ALFONSO: a Hijo(a)s LUIS ALFONSO GALLARDO ANGEL, SARITA MARIBEL GALLARDO ANGEL, M\u00d3NICA CECILIA GALLARDO ANGEL, MAR\u00cdA NOELIA GALLARDO ANGEL, C\u00c9SAR GABRIEL GALLARDO ANGEL, a Nieto(a)s ERNESTO JAVIER GALLARDO SOTO, DENISSE CECILIA GALLARDO INOSTROZA, con fecha 20-08-2026.<\/p><p>GALLARDO OYARZ\u00daN, FILOMENA DEL JES\u00daS: a Hijo(a)s SYLVIA LUISA GALLARDO GALLARDO, NELSON OCTAVIO GALLARDO GALLARDO, CELIA M\u00d3NICA GALLARDO GALLARDO, ANA MAR\u00cdA IN\u00c9S GALLARDO GALLARDO, con fecha 25-08-2026.<\/p><p>GARAY \u00c1GUILA, ELBA DEL CARMEN: a Hijo(a)s M\u00d3NICA EVA ARCOS GARAY, INGRID ELENA ARCOS GARAY, RA\u00daL MARCELO ARCOS GARAY, ROSA YANETT ARCOS GARAY, a C\u00f3nyuge RA\u00daL ARCOS TORREALBA, con fecha 24-08-2026.<\/p><p>GARC\u00c9S HERN\u00c1NDEZ, MAGALY DEL CARMEN: a Hijo(a)s MIRIAM JEANETTE \u00c1GUILA GARC\u00c9S, JORGE HERIBERTO \u00c1GUILA GARC\u00c9S, WILMA \u00c1GUILA GARC\u00c9S, CLAUDIA JOHANA \u00c1GUILA GARC\u00c9S, a C\u00f3nyuge JOS\u00c9 OLEGARIO SEGUNDO \u00c1GUILA OYARZO, con fecha 17-08-2026.<\/p><p>GASPARINI NOZIGLIA, EDDA YOLANDA: a Hijo(a)s RENZO EDUARDO GUTI\u00c9RREZ GASPARINI, MAR\u00cdA VER\u00d3NICA GUTI\u00c9RREZ GASPARINI, CARLA ANNABELLA GUTI\u00c9RREZ GASPARINI, ALEJANDRO ALBERTO GUTI\u00c9RREZ GASPARINI, con fecha 20-08-2026.<\/p><p>GATICA BACHO, MOIS\u00c9S AARON: a Hermano(a)s RUTH MIREYA GATICA BACHO, MERCEDES DEL CARMEN GATICA BACHO, MIGUEL ABRAHAM GATICA BACHO, NANCY ESTER GATICA BACHO, PEDRO PABLO GATICA BACHO, SAMUEL ISAAC GATICA BACHO, CHRISTIAN MARCELO GATICA BACHO, con fecha 19-08-2026.<\/p><p>GODOY CARRI\u00d3N, RICHARD MARCELO: a Hijo(a)s DIEGO BENJAM\u00cdN GODOY NAHUELHUAIQUE, PATRICIO ANDR\u00c9S GODOY URIBE, SOF\u00cdA ANTONIA GODOY HUAIQUIL, MAYRA FERNANDA GODOY HUAIQUIL, con fecha 24-08-2026.<\/p><p>G\u00d3MEZ NAVARRO, CARMELA MAR\u00cdA: a Hijo(a)s DAGOBERTO EMILIO B\u00d3RQUEZ G\u00d3MEZ, WALTER MANUEL B\u00d3RQUEZ G\u00d3MEZ, con fecha 27-08-2026.<\/p><p>GONZ\u00c1LEZ CALBUYAHUE, MAR\u00cdA LASTENIA: a Hijo(a)s JONHY FERNANDO CASTRO GONZ\u00c1LEZ, DANIELA D\u00c9VORA CASTRO GONZ\u00c1LEZ, SALOM\u00d3N ABRAHAM CASTRO GONZ\u00c1LEZ, OSCAR FERNANDO CASTRO GONZ\u00c1LEZ, a Nieto(a) EMILIANO ORLANDO VILLANUEVA GONZ\u00c1LEZ, con fecha 27-08-2026.<\/p><p>GONZ\u00c1LEZ CALISTO, JUAN ERASMO: a Hijo(a)s JUAN DAGOBERTO GONZ\u00c1LEZ \u00c1LVAREZ, MAR\u00cdA IRENE GONZ\u00c1LEZ \u00c1LVAREZ, JOS\u00c9 GUIDO GONZ\u00c1LEZ \u00c1LVAREZ, BERTA KARIM GONZ\u00c1LEZ \u00c1LVAREZ, ANGELA DEL CARMEN GONZ\u00c1LEZ \u00c1LVAREZ, INGRID ADELA GONZ\u00c1LEZ \u00c1LVAREZ, con fecha 27-08-2026.<\/p><p>GONZ\u00c1LEZ D\u00cdAZ, MARCELA ENRIQUETA: a Hijo(a)s SANDRA LORENA CORONADO GONZ\u00c1LEZ, DANIELA PAZ NAHUELHUAIQUE GONZ\u00c1LEZ, a C\u00f3nyuge V\u00cdCTOR HUGO CORONADO BARRIENTOS, con fecha 26-08-2026.<\/p><p>GONZ\u00c1LEZ GONZ\u00c1LEZ, GRACIELA: a Hijo(a)s VIVIANA MARISOL BARR\u00cdA GONZ\u00c1LEZ, ELIANA ESTER BARR\u00cdA GONZ\u00c1LEZ, con fecha 24-08-2026.<\/p><p>GUARDA OPORTO, ROSA AMALIA: a Hijo(a)s YARA DE SOUSA COIMBRA GUARDA, UBIRATAN DE SOUSA COIMBRA GUARDA, IRACEMA DE SOUSA COIMBRA GUARDA, ERWIN PATRICIO BILBAO GUARDA, a Nieto(a) EDSON ITAMAR DE SOUSA COIMBRA HERNANDEZ, con fecha 24-08-2026.<\/p><p>GUARDA ROSAS, BINALDO: a Hijo(a)s VER\u00d3NICA BEATRIZ GUARDA FUICA, BLAS JOEL GUARDA FUICA, EDUARDO PATRICIO GUARDA FUICA, SILVIA ANDREA GUARDA FUICA, ELBA SOLEDAD GUARDA FUICA, VIVIANA CREMILDA GUARDA VALDERAS, a C\u00f3nyuge MAR\u00cdA ALICIA FUICA MONDACA, con fecha 24-08-2026.<\/p><p>GUENTELIC\u00c1N VARGAS, GUMERCINDO: a Hijo(a)s PATRICIO AGUST\u00cdN HUENTELIC\u00c1N AVENDA\u00d1O, JACQUELINE XIMENA HUENTELIC\u00c1N AVENDA\u00d1O, con fecha 20-08-2026.<\/p><p>GUERRERO GUERRERO, ERNA GLADYS: a Hijo(a)s JORGE ADRI\u00c1N TRUJILLO GUERRERO, COSMEL GABLER TRUJILLO GUERRERO, JAVIER ALEJANDRO TRUJILLO GUERRERO, con fecha 25-08-2026.<\/p><p>GUERRERO MU\u00d1OZ, YOCELYN PAOLA: a Hijo(a)s SEBASTI\u00c1N GERARDO VARGAS GUERRERO, MAXIMILIANO ANDR\u00c9S VARGAS GUERRERO, a C\u00f3nyuge ADOLFO ANDR\u00c9S VARGAS VARGAS, con fecha 24-08-2026.<\/p><p>GUZM\u00c1N MUNDACA, ARACELI: a Hijo(a)s CLARA ARACELY BAHAMONDE GUZM\u00c1N, ROSA HERMINIA BAHAMONDE GUZM\u00c1N, con fecha 24-08-2026.<\/p><p>HERN\u00c1NDEZ BARR\u00cdA, H\u00c9CTOR JUVENAL: a Hijo(a) CLAUDIO RODRIGO HERN\u00c1NDEZ BARR\u00cdA, a C\u00f3nyuge ROSA ELIANA BARR\u00cdA IGLESIAS, con fecha 20-08-2026.<\/p><p>HERN\u00c1NDEZ GALLARDO, MAR\u00cdA SILA: a Hijo(a)s MAR\u00cdA NELLY GONZ\u00c1LEZ HERN\u00c1NDEZ, MARLENE ALEJANDRA GONZ\u00c1LEZ HERN\u00c1NDEZ, PATRICIA ALEJANDRA GONZ\u00c1LEZ HERN\u00c1NDEZ, con fecha 28-08-2026.<\/p><p>HIDALGO RUIZ, HUGO ARMANDO: a Hijo(a)s DANIELA MARIBEL HIDALGO MILANCA, HUGO GABRIEL HIDALGO MILANCA, FLAVIO GER\u00d3NIMO HIDALGO MILANCA, con fecha 26-08-2026.<\/p><p>HIGUERA MAR\u00cdN, RODRIGO ALEJANDRO: a Hijo(a)s AGUST\u00cdN ALONSO HIGUERA WISTUBA, FACUNDO RODRIGO HIGUERA WISTUBA, CLEMENTE JES\u00daS HIGUERA WISTUBA, con fecha 20-08-2026.<\/p><p>HUEICHA MANSILLA, MAR\u00cdA RAQUEL: a Hijo(a)s EVELYN TAMARA MANQUILEPE HUEICHA, MAR\u00cdA EUGENIA CUTI\u00d1O HUEICHA, SUSANA DEL CARMEN CUTI\u00d1O HUEICHA, LUIS CRISTIAN CUTI\u00d1O HUEICHA, a C\u00f3nyuge LUIS HERN\u00c1N CUTI\u00d1O ALVARADO, con fecha 28-08-2026.<\/p><p>HUENCHUCHEO HUIRIMILLA, JUAN ANTONIO: a Hijo(a)s JUAN FABI\u00c1N HUENCHUCHEO MANSILLA, KARINA ALEJANDRA HUENCHUCHEO MANSILLA, JAVIER ALEJANDRO HUENCHUCHEO MANSILLA, V\u00cdCTOR RAFAEL HUENCHUCHEO MANSILLA, ARON EL\u00cdAS HUENCHUCHEO MANSILLA, a C\u00f3nyuge LIDIA DEL CARMEN MANSILLA MANSILLA, con fecha 17-08-2026.<\/p><p>HUENTELIC\u00c1N VARGAS, SEGUNDO OLEGARIO: a Hijo(a)s MIREYA ANG\u00c9LICA HUENTELIC\u00c1N VALDERAS, ALBA DEL CARMEN HUENTELIC\u00c1N VALDERAS, JUAN CARLOS HUENTELIC\u00c1N VALDERAS, YENNY DEL CARMEN HUENTELIC\u00c1N VALDERAS, sin perjuicio derechos c\u00f3nyuge sobreviviente ROSA IN\u00c9S VALDERAS D\u00cdAZ, con fecha 25-08-2026.<\/p><p>HUENT\u00c9N URIBE, OSCAR ARTEMIO: a Hijo(a)s SONIA ELIZABETH HUENT\u00c9N URRUTIA, V\u00cdCTOR JAIME HUENT\u00c9N URRUTIA, M\u00d3NICA YANET HUENT\u00c9N URRUTIA, EUGENIA SOLEDAD HUENT\u00c9N URRUTIA, a Nieto(a) STEPHANIE BEATRIZ HUENT\u00c9N HUENUSUMUI, a C\u00f3nyuge OFELIA URRUTIA VILLARROEL, con fecha 17-08-2026.<\/p><p>IMILP\u00c1N MILLAR, C\u00c9SAR ABRAHAM: a Hijo(a)s AYLIN ANTONIA IMILP\u00c1N AVENDA\u00d1O, CAMILO ANDR\u00c9S BRANTT ARISMENDI, con fecha 19-08-2026.<\/p><p>INOSTROZA VARGAS, DANIEL ARMANDO: a Hijo(a) JOS\u00c9 DANIEL INOSTROZA OJEDA, a Nieto(a)s MAURICIO IGNACIO INOSTROZA FOURCADE, FELIPE ANTONIO INOSTROZA FOURCADE, PABLO ANDR\u00c9S INOSTROZA LLANCAP\u00c1N, DAVID ENRIQUE INOSTROZA LLANCAP\u00c1N, a C\u00f3nyuge ROSA MIRIAM OJEDA RUIZ, con fecha 26-08-2026.<\/p><p>INZUNZA \u00c1VILA, AGRIPINA IN\u00c9S: a Hijo(a)s ANA MAR\u00cdA IN\u00c9S SANDOVAL INZUNZA, NURY VER\u00d3NICA SANDOVAL INZUNZA, JUAN CARLOS SANDOVAL INZUNZA, MARLENE ADRIANA SANDOVAL INZUNZA, HUMBERTO SANDOVAL INZUNZA, MARIO ALBERTO SANDOVAL INZUNZA, con fecha 19-08-2026.<\/p><p>JARA HERN\u00c1NDEZ, JOS\u00c9 H\u00c9CTOR: a Hijo(a)s LUIS ELADIO JARA MU\u00d1OZ, JOS\u00c9 HERIBERTO JARA MU\u00d1OZ, CARLOS NELSON JARA MU\u00d1OZ, JUAN CARLOS JARA MU\u00d1OZ, JORGE ARTURO JARA MU\u00d1OZ, MAR\u00cdA DEL CARMEN JARA MU\u00d1OZ, MAR\u00cdA ERNESTINA JARA MU\u00d1OZ, \u00c1LVARO FABI\u00c1N JARA MU\u00d1OZ, a C\u00f3nyuge MAR\u00cdA HILDA MU\u00d1OZ OYARZO, con fecha 20-08-2026.<\/p><p>JARA IGOR, MYCKEL ALESSANDRO: a Padres CRISTIAN ANDR\u00c9S JARA CASTRO, a Madre VANESSA JEANNETTE IGOR OYARZO, con fecha 20-08-2026.<\/p><p>JARAMILLO JARAMILLO, JUAN DANILO: a Hermano(a)s CARMEN GLORIA JARAMILLO JARAMILLO, NANCY RUTH JARAMILLO JARAMILLO, ERICA ELIANA JARAMILLO JARAMILLO, HERN\u00c1N RICARDO JARAMILLO JARAMILLO, CARLOS MIGUEL ACUM JARAMILLO, NATALIA ALBERTINA JARAMILLO JARAMILLO, con fecha 24-08-2026.<\/p><p>KUSCHEL VILLARROEL, RUDY REN\u00c9: a Hermano(a)s ZANDRA KUSCHEL VILLARROEL, INGRID JOVITA KUSCHEL VILLARROEL, OLIVA KUSCHEL VILLARROEL, PATRICIO KUSCHEL VILLARROEL, a Sobrino(a) CAMILA VALESKA BA\u00d1ARES KUSCHEL, con fecha 19-08-2026.<\/p><p>LEAL MU\u00d1OZ, BLANCA NOEM\u00cd: a Hermano(a)s NEREIDA DEL PILAR LEAL MU\u00d1OZ, OLINDA DEL CARMEN LEAL MU\u00d1OZ, FRANCISCO GERM\u00c1N LEAL MU\u00d1OZ, a Sobrino(a)s MAR\u00cdA VER\u00d3NICA LEAL HERRERA, ISABEL MARGARITA DEL CARMEN LEAL HERRERA, MARCELA DEL PILAR LEAL HERRERA, ADOLFO GERM\u00c1N LEAL HERRERA, PABLO C\u00c9SAR TESSINI LEAL, PAMELA KATHERINE LEAL LEAL, con fecha 20-08-2026.<\/p><p>LEHUE MOYA, LUC\u00cdA DEL CARMEN: a Hijo(a)s ORIETTA DEL CARMEN TRASLAVI\u00d1A LEHUE, GUILLERMO ADOLFO TRASLAVI\u00d1A LEHUE, DIONISIO ALBERTO TRASLAVI\u00d1A LEHUE, PATRICIO ANDR\u00c9S TRASLAVI\u00d1A LEHUE, MAR\u00cdA SOLEDAD TRASLAVI\u00d1A LEHUE, LUC\u00cdA ELIZABETH TRASLAVI\u00d1A LEHUE, a C\u00f3nyuge GUILLERMO SEGUNDO TRASLAVI\u00d1A MARIN, con fecha 20-08-2026.<\/p><p>LEIVA ESPEJO, JUANA CLORINDA: a Hijo(a)s ALEXIS FERNANDO RUIZ LEIVA, MAR\u00cdA EUGENIA IBARRA LEIVA, MARCELINO ANTONIO RUIZ LEIVA, con fecha 14-08-2026.<\/p><p>LEIVA PASSARINII, DIGNA ISABEL: a Hijo(a)s GILDA DEL CARMEN C\u00c1RDENAS LEIVA, SANDRA ELIZABETH C\u00c1RDENAS LEIVA, a Nieto(a)s JOSEFINA ISABEL C\u00c1RDENAS LE-BERT, MAR\u00cdA FERNANDA C\u00c1RDENAS LE-BERT, con fecha 18-08-2026.<\/p><p>LEMUS INOSTROZA, JUAN JOS\u00c9: a Hijo(a)s JUAN JOS\u00c9 LEMUS URRUTIA, ANGELA ROSA LEMUS URRUTIA, con fecha 18-08-2026.<\/p><p>LIZANA VALENZUELA, ANA ANG\u00c9LICA: a Hijo(a)s SEBASTI\u00c1N ANTONIO AROS LIZANA, JACQUELINE DEL CARMEN AROS LIZANA, con fecha 20-08-2026.<\/p><p>LLAIP\u00c9N MONTIEL, ROLANDO OLIVERIO: a Hijo(a)s IRIS YANETT LLAIP\u00c9N CHAURA, CLARA ANG\u00c9LICA LLAIP\u00c9N CHAURA, H\u00c9CTOR OSVALDO LLAIP\u00c9N CHAURA, SERVIA MARIBEL LLAIP\u00c9N CHAURA, JUAN ROLANDO LLAIP\u00c9N CHAURA, a C\u00f3nyuge ROSA ALBERTINA CHAURA GODOY, con fecha 26-08-2026.<\/p><p>LLAITUL CARRILLANCA, JOS\u00c9 TOM\u00c1S: a Hijo(a)s CAMILA MARLEN LLAITUL CANCINO, ALEJANDRO ANDR\u00c9S D\u00cdAZ CANCINO, con fecha 24-08-2026.<\/p><p>LLAITUREO BARRIENTOS, CARLOS REN\u00c9: a Madre BERNARDA BARRIENTOS AGUILAR, con fecha 20-08-2026.<\/p><p>L\u00d3PEZ QUEUPU\u00c1N, SARA LUISA: a Hijo(a)s MANUEL ALEJANDRO ELGUETA L\u00d3PEZ, C\u00c9SAR ANTONIO ELGUETA L\u00d3PEZ, SARA LUISA ELGUETA L\u00d3PEZ, JUAN HUMBERTO ELGUETA L\u00d3PEZ, a C\u00f3nyuge ANTONIO RAM\u00d3N ELGUETA MOLL, con fecha 17-08-2026.<\/p><p>MANCILLA ALMONACID, JUAN DELF\u00cdN: a Sobrino(a)s EVA LETICIA MANSILLA CARRILLO, JOS\u00c9 MIGUEL MANCILLA MANCILLA, IDA DEL CARMEN MANSILLA , JOS\u00c9 DEL TR\u00c1NSITO LLAMLLAM MANCILLA, ISMAEL OYARZO MANSILLA, MAR\u00cdA YOLANDA MANSILLA CARRILLO, ALEXI RUDECINDO MANCILLA MANSILLA, JOS\u00c9 RAFAEL MANSILLA CARRILLO, MAR\u00cdA CLAUDINA MANSILLA CARRILLO, a Sobrino-Nietos YOLANDA LETICIA ALVARADO CARRILLO, JUAN ANTONIO MANSILLA CONTRERAS, JOS\u00c9 BASILIO MANSILLA CONTRERAS, MARIBEL DEL CARMEN GUERRERO MANSILLA, FABIOLA DEL CARMEN GONZ\u00c1LEZ MANSILLA, con fecha 27-08-2026.<\/p><p>MANCILLA HERN\u00c1NDEZ, MAR\u00cdA IRMA: a Hijo(a)s ARIELA DEL CARMEN ROBLES MANCILLA, MARIANELA ROBLES MANCILLA, con fecha 27-08-2026.<\/p><p>MANQUEN MILLAGUAL, MIGUEL ENRIQUE: a Padres DELICIO MANQUIN LLAITUL, a Madre JUANA MAR\u00cdA MILLAGUAL SANTIB\u00c1\u00d1EZ, con fecha 19-08-2026.<\/p><p>MANSILLA MANSILLA, ALBERTINA SEGUNDA: a Hijo(a)s ALEJANDRA DOLORES T\u00c9LLEZ MANSILLA, JOS\u00c9 MARCOS T\u00c9LLEZ MANSILLA, JOS\u00c9 ROBERTO T\u00c9LLEZ MANSILLA, JUAN CARLOS T\u00c9LLEZ MANSILLA, con fecha 25-08-2026.<\/p><p>MANSILLA MANSILLA, MAR\u00cdA MAGDALENA: a Hijo(a)s INGRID JACQUELINE OBANDO MANSILLA, BERNARDITA DE LOURDES MELIPILL\u00c1N MANSILLA, ALEXIS PATRICIO MELIPILL\u00c1N MANSILLA, con fecha 20-08-2026.<\/p><p>MANSILLA SANTANA, PEDRO ARTURO: a Hijo(a) LAURA CELESTE IGNACIA MANSILLA BRAVO, con fecha 20-08-2026.<\/p><p>MANSILLA SOTO, JOS\u00c9 AGUST\u00cdN: a Hijo(a)s JOS\u00c9 PATRICIO MANSILLA TRIVI\u00d1O, JOS\u00c9 ROBERTO MANSILLA QUIDIMAN, con fecha 24-08-2026.<\/p><p>MARAGA\u00d1O VARGAS, EUFEMIA NORA: a Hijo(a) RODRIGO ANDR\u00c9S MARAGA\u00d1O MARAGA\u00d1O, con fecha 14-08-2026.<\/p><p>MARCELLI VILLARROEL, LUIS ALBERTO: a Hijo(a)s MIRTA MARLENE MARCELLI RUIZ, EDITH ELIZABETH MARCELLI RUIZ, LUISA ANA MARCELLI RUIZ, JORGE ALEJANDRO MARCELLI RUIZ, CARLOS ENRIQUE MARCELLI RUIZ, ROLANDO JAVIER MARCELLI RUIZ, LUIS MARCELO MARCELLI RUIZ, a C\u00f3nyuge ANA ESTER RUIZ RIVERA, con fecha 17-08-2026.<\/p><p>MART\u00cdNEZ MU\u00d1OZ, SILVIA IRIS: a Hijo(a)s ANDREA YESENIA CARMONA MART\u00cdNEZ, LUIS ANTONIO CARMONA MART\u00cdNEZ, IRIS IVONNE CARMONA MART\u00cdNEZ, HELBERT DAVID CARMONA MART\u00cdNEZ, con fecha 20-08-2026.<\/p><p>MENA CASTRO, LUIS: a Nieto(a)s VICENTE CRIST\u00d3BAL RODR\u00cdGUEZ MENA, ESTEBAN ALONSO RODR\u00cdGUEZ MENA, con fecha 14-08-2026.<\/p><p>MERCADO BONTES, ROSA EMILIA: a Hijo(a) NELSON DEL CARMEN MERCADO MERCADO, con fecha 24-08-2026.<\/p><p>MILLALONCO MILLALONCO, JOS\u00c9 MIGUEL: a Hijo(a)s LUIS ALBERTO MILLALONCO ANTINEAN, JOS\u00c9 MIGUEL MILLALONCO ANTIM\u00c1N, ANA CECILIA MILLALONCO ANTIM\u00c1N, SONIA DEL CARMEN MILLALONCO ANTIM\u00c1N, a C\u00f3nyuge LIDIA DEL CARMEN ANTIM\u00c1N C\u00c1RDENAS, con fecha 25-08-2026.<\/p><p>MIRANDA B\u00d3RQUEZ, ANGEL MAURICIO: a Hijo(a) MIGUEL ANGEL MIRANDA CAILEO, a C\u00f3nyuge JUANA ISABEL CAILEO PAREDES, con fecha 27-08-2026.<\/p><p>MIRANDA VARGAS, ADRIANA: a Hijo(a)s MAR\u00cdA ELENA PROBOSTE MIRANDA, SONIA EDITH PROBOSTE MIRANDA, GLADYS DEL CARMEN PROBOSTE MIRANDA, JOS\u00c9 EUSTAQUIO PROBOSTE MIRANDA, SANDRA XIMENA PROBOSTE MIRANDA, JAIME NOLBERTO RICOUZ MIRANDA, con fecha 20-08-2026.<\/p><p>MODINGER MODINGER, JUAN ENRIQUE: a Hijo(a)s OMAR SERGIO MODINGER ARAVENA, MARCELO ENRIQUE MODINGER ARAVENA, EDUARDO C\u00c9SAR MODINGER ARAVENA, a C\u00f3nyuge NOEM\u00cd DEL CARMEN ARAVENA GARC\u00cdA, con fecha 27-08-2026.<\/p><p>MOLINA D\u00cdAZ, MARIO ALEJANDRO: a Hijo(a) MARIO ALBERTO MOLINA HOHMANN, con fecha 25-08-2026.<\/p><p>MONSALVE GARC\u00c9S, MAGALI: a Hijo(a) YENNIFER NATACHA VEL\u00c1SQUEZ MONSALVE, a C\u00f3nyuge RICARDO VEL\u00c1SQUEZ HIGUERA, con fecha 28-08-2026.<\/p><p>MONTALVA PAREDES, LUZ MARINA: a Hijo(a)s MARITZA BARR\u00cdA MONTALVA, MARIANELA BARR\u00cdA MONTALVA, MARCELA BARR\u00cdA MONTALVA, MYRNA BARR\u00cdA MONTALVA, ROBINSON BARR\u00cdA MONTALVA, con fecha 18-08-2026.<\/p><p>MORALES GEDDA, LORETO ALEJANDRA: a Hijo(a) LUCAS VICENTE MENDOZA MORALES, a C\u00f3nyuge OSCAR IGNACIO MENDOZA RIVADENEIRA, con fecha 19-08-2026.<\/p><p>MU\u00d1OZ CAMPOS, SARA DORALIZA DOLORES: a Hijo(a) MIGUEL ANGEL CATAL\u00c1N MU\u00d1OZ, con fecha 20-08-2026.<\/p><p>MU\u00d1OZ GONZ\u00c1LEZ, GLORIA DE LOURDES: a Hijo(a)s CHRISTOPHER ANTONIO MU\u00d1OZ MU\u00d1OZ, JONAS TOB\u00cdAS PADILLA MU\u00d1OZ, con fecha 18-08-2026.<\/p><p>MU\u00d1OZ P\u00c9REZ, JUAN CARLOS: a Hermano(a)s LUIS ARTURO BARR\u00cdA P\u00c9REZ, LEANDRO ROM\u00c1N BARR\u00cdA P\u00c9REZ, ANITA PATRICIA MU\u00d1OZ P\u00c9REZ, LUIS BERNARDO MU\u00d1OZ P\u00c9REZ, a Sobrino(a)s LISSET MARYORI BARR\u00cdA VEGA, PATRIK MARCELO BARR\u00cdA VEGA, DIEGO ANDR\u00c9S BARRIA RUIZ, con fecha 24-08-2026.<\/p><p>MU\u00d1OZ SANTANA, H\u00c9CTOR: a Hijo(a)s H\u00c9CTOR MARIO MU\u00d1OZ S\u00c1NCHEZ, JUAN EUGENIO MU\u00d1OZ S\u00c1NCHEZ, a C\u00f3nyuge ENEDINA ESTER S\u00c1NCHEZ GALLARDO, con fecha 27-08-2026.<\/p><p>NAGUIL NAGUIL, MAR\u00cdA CLARISA: a C\u00f3nyuge JOS\u00c9 AMADOR GUINEO , a Madre MAR\u00cdA ELBA NAGUIL L\u00d3PEZ, con fecha 25-08-2026.<\/p><p>NAHUELNERI QUINCH\u00c9N, LUCILA DEL CARMEN: a Hijo(a)s ANA MAR\u00cdA QUINCH\u00c9N NAHUELNERI, MANUEL ALONSO NAHUELNERI NAHUELNERI, con fecha 24-08-2026.<\/p><p>NAVARRO AGUILAR, BENITO: a Hijo(a)s LILIANA DEL CARMEN NAVARRO NAVARRO, FLOR EMILIA NAVARRO NAVARRO, ROSA EDITH NAVARRO NAVARRO, MIRTA MARGARITA NAVARRO NAVARRO, a C\u00f3nyuge JUANA ROSA NAVARRO VIDAL, con fecha 20-08-2026.<\/p><p>NEGUEL BARR\u00cdA, MIMI: a Hijo(a)s PATRICIA DEL CARMEN BARRIENTOS NEGUEL, REN\u00c9 ARCIDES BARRIENTOS NEGUEL, a Nieto(a) JESSICA PAMELA BARRIENTOS COLIVORO, con fecha 26-08-2026.<\/p><p>OGRODNIK ORTEGA, MIGUEL ARC\u00c1NGEL: a Hijo(a)s MIGUEL ANGEL OGRODNIK ROJAS, ALEJANDRA DEL CARMEN OGRODNIK ROJAS, DIEGO MAXIMILIANO ERICK OGRODNIK ROJAS, LUIS ELEUTERIO OGRODNIK ROJAS, SOLANGE CELIA OGRODNIK ROJAS, V\u00cdCTOR MANUEL OGRODNIK CORT\u00c9S, RA\u00daL ANTONIO OGRODNIK PAIN\u00c9N, FRANK JOSEF OGRODNIK BUSTAMANTE, con fecha 25-08-2026.<\/p><p>OJEDA , MAR\u00cdA LUCERINA: a Hijo(a)s ROSA LIDIA VILLANUEVA OJEDA, PATRICIO EDUARDO VILLANUEVA OJEDA, SILVIA DEL CARMEN VILLANUEVA OJEDA, MAR\u00cdA ESTER VILLANUEVA OJEDA, MARCELO JAVIER VILLANUEVA OJEDA, con fecha 24-08-2026.<\/p><p>OJEDA , NIDIA: a Hijo(a)s RAM\u00d3N DALISNANDO PAREDES OJEDA, JORGE IGNACIO OJEDA OJEDA, a C\u00f3nyuge DOLISNANDO PAREDES REYES, con fecha 26-08-2026.<\/p><p>OJEDA GALLARDO, ERNESTINA: a Hijo(a)s H\u00c9CTOR MIGUEL CONCHA OJEDA, JOS\u00c9 V\u00cdCTOR CONCHA OJEDA, LUIS ALEJANDRO CONCHA OJEDA, CLAUDIO ANDR\u00c9S CONCHA OJEDA, JUAN CARLOS CONCHA OJEDA, NELSON ALBERTO CONCHA OJEDA, con fecha 26-08-2026.<\/p><p>OJEDA OJEDA, JOS\u00c9 CARLOS: a Hijo(a)s NIVIA DANITZA OJEDA VILLARROEL, ENZO DANILO OJEDA VILLARROEL, a C\u00f3nyuge MAR\u00cdA MIRTA VILLARROEL C\u00c1RDENAS, con fecha 27-08-2026.<\/p><p>OLIVARES \u00c1LVAREZ, GLADYS DE LAS MERCEDES: a Hijo(a)s LUIS HERN\u00c1N SAN MART\u00cdN OLIVARES, NANCY DE LAS MERCEDES SAN MART\u00cdN OLIVARES, VER\u00d3NICA DEL CARMEN SAN MART\u00cdN OLIVARES, con fecha 20-08-2026.<\/p><p>ORTIZ POBLETE, PATRICIA ANTONIETA: a Hijo(a)s DAVID GABRIEL ESPINOZA ORTIZ, LUIS ARMANDO ESPINOZA ORTIZ, MAR\u00cdA VICTORIA ESPINOZA ORTIZ, BLANCA ISABEL ESPINOZA ORTIZ, ABRAHAM JONATHAN ESPINOZA ORTIZ, a C\u00f3nyuge LUIS ARMANDO ESPINOZA , con fecha 20-08-2026.<\/p><p>OYARZO AMPUERO, ANTONIA: a Hijo(a)s LUDIN MICDOMIO S\u00c1NCHEZ OYARZO, DENYS SILVIA S\u00c1NCHEZ OYARZO, LUISA DEL CARMEN S\u00c1NCHEZ OYARZO, MALVINA RAQUEL S\u00c1NCHEZ OYARZO, LEONEL HERN\u00c1N S\u00c1NCHEZ OYARZO, TELMA RUT S\u00c1NCHEZ OYARZ\u00daN, NELDA GLADYS S\u00c1NCHEZ OYARZO, H\u00c9CTOR LI S\u00c1NCHEZ OYARZO, ESTER DINA S\u00c1NCHEZ OYARZO, ZOILO DAR\u00cdO S\u00c1NCHEZ OYARZO, a Nieto(a)s JANETT PAMELA S\u00c1NCHEZ RUIZ, V\u00cdCTOR HUGO S\u00c1NCHEZ AGUILAR, RAM\u00d3N RECAREDO S\u00c1NCHEZ AGUILAR, JOAQU\u00cdN IGNACIO RAIN S\u00c1NCHEZ, FERNANDA CAROLINA RAIN S\u00c1NCHEZ, con fecha 24-08-2026.<\/p><p>OYARZO LOAIZA, REMIGIO SEGUNDO: a Hijo(a)s JAVIER HUMBERTO OYARZO PAILL\u00c1N, GLORIA XIMENA OYARZO PAILL\u00c1N, CLAUDIA ANDREA OYARZO PAILL\u00c1N, RODRIGO ALEJANDRO OYARZO PAILL\u00c1N, DANIEL EDUARDO OYARZO PAILL\u00c1N, GABRIELA ALEJANDRA OYARZO OVANDO, JOS\u00c9 MIGUEL OYARZO OVANDO, con fecha 20-08-2026.<\/p><p>OYARZ\u00daN MONJE, MAR\u00cdA TERESA: a Hijo(a)s H\u00c9CTOR ALADIN GALLARDO OYARZ\u00daN, VIVIANA YANETH GALLARDO OYARZ\u00daN, ERNESTO ENRIQUE GALLARDO OYARZ\u00daN, con fecha 20-08-2026.<\/p><p>OYARZ\u00daN OYARZ\u00daN, CAROLINA DEL CARMEN: a Hijo(a)s SYLVIA CLARA Z\u00da\u00d1IGA OYARZ\u00daN, ROSA IN\u00c9S Z\u00da\u00d1IGA OYARZ\u00daN, CRIST\u00d3BAL SEGUNDO Z\u00da\u00d1IGA OYARZ\u00daN, ALICIA DEL CARMEN Z\u00da\u00d1IGA OYARZ\u00daN, RIGOBERTO ORLANDO Z\u00da\u00d1IGA OYARZ\u00daN, a Nieto(a)s JOHNNY ALEXIS Z\u00da\u00d1IGA Z\u00da\u00d1IGA, CAROLINA EMA VEGAS Z\u00da\u00d1IGA, RICARDO ANDR\u00c9S VEGAS Z\u00da\u00d1IGA, con fecha 25-08-2026.<\/p><p>PAILLACAR AGUILERA, JAVIER ALEXIS: a Hijo(a)s CRISTOFER FABI\u00c1N PAILLACAR AGUILERA, FRANCISCO JAVIER PAILLACAR \u00c1GUILA, KARYN MACARENA BEL\u00c9N PAILLACAR AGUILERA, a C\u00f3nyuge VICTORIA ROXANA \u00c1GUILA ACUM, con fecha 31-08-2026.<\/p><p>PANGUINAO COLIL, MAR\u00cdA ZOILA CLAUDIA: a Hijo(a)s MAR\u00cdA ELIANA MARRI\u00c1N PANGUINAO, ALICIA IRENE MARRI\u00c1N PANGUINAO, ZOILA XIMENA MARRI\u00c1N PANGUINAO, con fecha 28-08-2026.<\/p><p>PARDO V\u00c1SQUEZ, JENIFER ALEJANDRA: a Hijo(a)s ROXANA ESMERALDA PAREDES PARDO, BORIS PAREDES PARDO, con fecha 20-08-2026.<\/p><p>PAREDES C\u00c1RDENAS, JOS\u00c9 V\u00cdCTOR: a Hijo(a)s GUIDO REINALDO PAREDES BAEZ, JOS\u00c9 RA\u00daL PAREDES BAEZ, LUIS ADOLFO PAREDES BAEZ, con fecha 28-08-2026.<\/p><p>PAREDES QUINTULLANCA, MARIA LUISA: a Hijo(a)s WALTER IV\u00c1N TECAS PAREDES, LUISA JEANNETTE TECAS PAREDES, JUAN CARLOS TECAS PAREDES, M\u00d3NICA PATRICIA TECAS PAREDES, OSCAR GAST\u00d3N TECAS PAREDES, sin perjuicio derechos c\u00f3nyuge sobreviviente OSCAR TECAS GUTI\u00c9RREZ, con fecha 18-08-2026.<\/p><p>PAREDES REYES, DOLISNANDO: a Hijo(a) RAM\u00d3N DALISNANDO PAREDES OJEDA, con fecha 26-08-2026.<\/p><p>PARIS SCHWERTER, EMILIO FRANCISCO LUIS: a Hijo(a)s EMILIO ALEJANDRO PARIS REYES, JORGE ANDR\u00c9S PARIS REYES, TERESA FRANCISCA PARIS REYES, a C\u00f3nyuge MAR\u00cdA TERESA REYES TRONCOSO, con fecha 27-08-2026.<\/p><p>P\u00c9REZ BARRIENTOS, M\u00c1XIMO ZACAR\u00cdAS: a Hijo(a)s M\u00c1XIMO JUVENAL P\u00c9REZ G\u00d3MEZ, ANDR\u00c9S ARC\u00c1NGEL P\u00c9REZ G\u00d3MEZ, GLADYS DEL CARMEN P\u00c9REZ CALISTO, con fecha 14-08-2026.<\/p><p>P\u00c9REZ CO\u00d1UECAR, JOS\u00c9 GABRIEL: a Conviviente Civil BERMILDA ELINA ALMONACID HERN\u00c1NDEZ, con fecha 24-08-2026.<\/p><p>P\u00c9REZ JARA, ALEJANDRO ROBERTO: a Hijo(a)s CARLOS ALEJANDRO P\u00c9REZ G\u00d3MEZ, ROBERTO ALEXANDER P\u00c9REZ G\u00d3MEZ, a C\u00f3nyuge GUILLERMINA DEL CARMEN G\u00d3MEZ BARR\u00cdA, con fecha 25-08-2026.<\/p><p>P\u00c9REZ MANCILLA, OCTAVIO SEGUNDO: a Hijo(a)s ELIZABETH ROSSANA P\u00c9REZ C\u00c1RDENAS, LUIS EDUARDO P\u00c9REZ C\u00c1RDENAS, con fecha 28-08-2026.<\/p><p>P\u00c9REZ P\u00c9REZ, SILVIA RAQUEL: a Hijo(a)s H\u00c9CTOR REINALDO MEZA P\u00c9REZ, PATRICIO ANDR\u00c9S VILLALOBOS P\u00c9REZ, con fecha 27-08-2026.<\/p><p>PETROVICH ALTAMIRANO, IV\u00c1N FRANCISCO: a Hijo(a)s YAZM\u00cdN EUGENIA PETROVICH ROSAS, MIRKO IV\u00c1N PETROVICH ROSAS, NICOL\u00c1S FRANCISCO PETROVICH ROSAS, a C\u00f3nyuge MAR\u00cdA EUGENIA ROSAS BOYSEN, con fecha 27-08-2026.<\/p><p>PRADINES PRADINES, MARIO DANILO: a Hijo(a)s FLORENCIA DANIELA PRADINES NAVIA, NATALIA SOF\u00cdA PRADINES NAVIA, IGNACIO ALBERTO PRADINES NAVIA, a C\u00f3nyuge LAURA ELENA NAVIA GONZ\u00c1LEZ, con fecha 19-08-2026.<\/p><p>QUINTUL ANTRIAO, MAR\u00cdA FAUMELIZA: a Hijo(a)s LUZ MARINA CASIN QUINTUL, DORALIZA DEL CARMEN CASIN QUINTUL, RODELIO ORLANDO CASIN QUINTUL, JUAN CELESTINO CASIN QUINTUL, H\u00c9CTOR ALVINO CASIN QUINTUL, a Nieto(a)s SEBASTI\u00c1N ANDR\u00c9S CASIN BURDILES, FRANCISCA CAMILA CASIN BURDILES, con fecha 27-08-2026.<\/p><p>RAIMIL BARR\u00cdA, LUIS ROBERTO: a C\u00f3nyuge MAR\u00cdA TERESA FLORES AGUILAR, con fecha 24-08-2026.<\/p><p>RAIN MELI\u00c1N, EDITH DEL CARMEN: a Hijo(a)s CLAUDIO ANDR\u00c9S NAIL RAIN, GABRIELA EDITH NAIL RAIN, a C\u00f3nyuge JOS\u00c9 PEDRO NAIL MANCILLA, con fecha 28-08-2026.<\/p><p>REHBEIN FELMER, GUIDO LUIS: a Hijo(a)s GUIDO DANIEL REHBEIN WERNER, MAR\u00cdA ANG\u00c9LICA REHBEIN WERNER, ANNELIESSE MAR\u00cdA REHBEIN WERNER, con fecha 17-08-2026.<\/p><p>REYES NEGR\u00d3N, LIDIA: a Hijo(a)s JUAN CARLOS CASANOVA REYES, EDUARDO SEGUNDO CASANOVA REYES, IV\u00c1N ERWIN CASANOVA REYES, con fecha 26-08-2026.<\/p><p>REYES PENNA, LUIS ATANACIO: a Hijo(a)s MAR\u00cdA ALICIA REYES DIMTER, LUIS ALBERTO REYES DIMTER, con fecha 25-08-2026.<\/p><p>RODR\u00cdGUEZ \u00c1LVAREZ, JAVIER ALEXIS: a Padres JUVENAL IRENIO RODR\u00cdGUEZ SOTO, a Madre PATRICIA EUGENIA \u00c1LVAREZ COLIAGUE, con fecha 27-08-2026.<\/p><p>ROMERO LLANOS, MAR\u00cdA FILOMENA: a Hijo(a)s KAROL ANDREA BRICE\u00d1O ROMERO, CLAUDIA BEATRIZ BRICE\u00d1O ROMERO, SOLANGE ADRIANA BRICE\u00d1O ROMERO, con fecha 31-08-2026.<\/p><p>ROSAS BAHAMONDE, JUAN ROBERTO: a Hijo(a) JUAN IGNACIO ROSAS P\u00c9REZ, con fecha 20-08-2026.<\/p><p>RUIZ CALBUCURA, MAR\u00cdA ROSALBA: a Hijo(a)s PAOLA ALEJANDRA SOTO RUIZ, CLAUDIO ANDR\u00c9S SOTO RUIZ, FERNANDO ANTONIO SOTO RUIZ, EDUARDO JAVIER SOTO RUIZ, a C\u00f3nyuge ZOROBABEL ANTONIO SOTO MALDONADO, con fecha 20-08-2026.<\/p><p>RUIZ HERN\u00c1NDEZ, OSCAR: a Hijo(a)s OSCAR EXEQUIEL RUIZ D\u00cdAZ, N\u00c9STOR RODRIGO RUIZ D\u00cdAZ, JOS\u00c9 LEONARDO RUIZ D\u00cdAZ, MARCIA ALEJANDRA DEL CARMEN RUIZ D\u00cdAZ, con fecha 26-08-2026.<\/p><p>RUPAY\u00c1N RUPAY\u00c1N, JUAN GUIDO: a Hijo(a) YENIFER YERLEN RUPAY\u00c1N AZ\u00d3CAR, con fecha 17-08-2026.<\/p><p>S\u00c1EZ FUENTES, JOS\u00c9 ISMAEL: a Hijo(a) ROSA ADRIANA S\u00c1EZ BERISTAIN, con fecha 14-08-2026.<\/p><p>SALAZAR OLIVERA, MARIO: a Hijo(a)s CRISTIAN EDUARDO SALAZAR NAMILLANCA, MIRTA FLOR SALAZAR NAMILLANCA, JORGE MARIO SALAZAR MIRANDA, a C\u00f3nyuge MAR\u00cdA ELENA NAMILLANCA HUENCHULLANCA, con fecha 24-08-2026.<\/p><p>SALAZAR SOTO, SERGIO ARTURO ROM\u00c1N: a Hijo(a)s CAMILA ELIZABETH SALAZAR HERN\u00c1NDEZ, IGNACIO ANDR\u00c9S SALAZAR HERN\u00c1NDEZ, EMILIO JOAQU\u00cdN SALAZAR HERN\u00c1NDEZ, a C\u00f3nyuge EUDULIA CECILIA HERN\u00c1NDEZ GUTI\u00c9RREZ, con fecha 17-08-2026.<\/p><p>SALDIVIA , ANTONIO: a Hijo(a)s RAM\u00d3N ALADINO SALDIVIA HARO, JERMAN HUMBERTO SALDIVIA HARO, EDUMILIA DORALISA SALDIVIA HARO, RICARDO DEL CARMEN SALDIVIA HARO, MARCIA ORFELINA SALDIVIA HARO, con fecha 27-08-2026.<\/p><p>S\u00c1NCHEZ GUTI\u00c9RREZ, RAM\u00d3N EDUVINO: a Sobrino(a)s ROSA LORENA S\u00c1NCHEZ P\u00c9REZ, PATRICIA ANG\u00c9LICA S\u00c1NCHEZ P\u00c9REZ, BERNARDA ALEJANDRA S\u00c1NCHEZ P\u00c9REZ, ANDREA PAOLA S\u00c1NCHEZ CHAFIE, con fecha 25-08-2026.<\/p><p>SCHWERTER A\u00d1AZCO, PEDRO VICENTE: a Hijo(a) NILSON DENIS SCHWERTER TORRES, a C\u00f3nyuge MAR\u00cdA ANA TORRES OYARZ\u00daN, con fecha 20-08-2026.<\/p><p>SEGOVIA V\u00c1SQUEZ, JOS\u00c9 ALBERTO: a Hermano(a)s MAR\u00cdA HAYD\u00c9E SEGOVIA V\u00c1SQUEZ, JUAN CARLOS SEGOVIA V\u00c1SQUEZ, MAR\u00cdA TERESA SEGOVIA V\u00c1SQUEZ, LORENA DE LOURDES SEGOVIA V\u00c1SQUEZ, MAR\u00cdA NELIA SEGOVIA V\u00c1SQUEZ, LIDIA IRIS SEGOVIA V\u00c1SQUEZ, JOS\u00c9 H\u00c9CTOR SEGOVIA V\u00c1SQUEZ, OSCAR ROBERTO SEGOVIA V\u00c1SQUEZ, JULIO C\u00c9SAR SEGOVIA V\u00c1SQUEZ, PEDRO ENRIQUE SEGOVIA V\u00c1SQUEZ, con fecha 20-08-2026.<\/p><p>SEP\u00daLVEDA \u00c1VILA, FRANCISCO SEGUNDO: a Hijo(a) MAR\u00cdA SOLANCHES SEP\u00daLVEDA \u00c1GUILA, con fecha 27-08-2026.<\/p><p>SEP\u00daLVEDA RAM\u00cdREZ, V\u00cdCTOR DEL CARMEN: a Hijo(a)s V\u00cdCTOR PATRICIO SEP\u00daLVEDA VILLAGRA, RICARDO ANTONIO SEP\u00daLVEDA VILLAGRA, V\u00cdCTOR RA\u00daL SEP\u00daLVEDA JORQUERA, con fecha 28-08-2026.<\/p><p>SIERPE VERA, ARTURO SEGUNDO: a Hijo(a)s PAULINA VANESSA SIERPE CHIGUAY, ROSANA PAOLA SIERPE CHIGUAY, ARTURO IGNACIO SIERPE CHIGUAY, a C\u00f3nyuge NORMA DEL CARMEN CHIGUAY P\u00c9REZ, con fecha 17-08-2026.<\/p><p>SILVA PALACIOS, YERKO ENRIQUE: a Hijo(a)s MAXIMILIANO ENRIQUE SILVA DARIGO, MARTINA MAR\u00cdA FRANCISCA SILVA DARIGO, RENATO ENRIQUE SILVA DARIGO, FABIANA ROMINA SILVA DARIGO, a C\u00f3nyuge BRUNA MAR\u00cdA DARIGO LOBOS, con fecha 14-08-2026.<\/p><p>SOTO C\u00c1RCAMO, SYLVIA DEL CARMEN: a Nieto(a)s DANITZA AYELEN ALMUNA SOTO, ENZO ALEXIS SOTO SOTO, a Cesionario(a) CARRICURA SpA , con fecha 20-08-2026.<\/p><p>SOTO MALDONADO, JOS\u00c9 HERIBERTO: a Hijo(a)s PABLO ANDR\u00c9S SOTO ALMONACID, MAR\u00cdA ANG\u00c9LICA SOTO NAVARRO, a C\u00f3nyuge NORMA ELIANA ALMONACID IVERSEN, con fecha 20-08-2026.<\/p><p>SOTO SOTO, CARLOS ALBERTO: a Hijo(a)s FRANCO ALBERTO SOTO VERA, KARIN ANDREA SOTO VERA, a C\u00f3nyuge IRIS ELIZABETH VERA RUIZ, con fecha 24-08-2026.<\/p><p>TIKE GONZ\u00c1LEZ, SILVIA DEL CARMEN: a Hijo(a)s LUIS RODRIGO ANDRADE TIKE, ANDREA CAROLINA ANDRADE TIKE, a C\u00f3nyuge RUB\u00c9N LUIS FERNANDO CASANOVA HORNIG, con fecha 27-08-2026.<\/p><p>TOLEDO ALTAMIRANO, MAR\u00cdA GRICELDA: a Hijo(a)s NORA DEL CARMEN PAREDES TOLEDO, JUAN DE DIOS PAREDES TOLEDO, JOS\u00c9 NECTALI PAREDES TOLEDO, SIGIFREDO RA\u00daL PAREDES TOLEDO, ANA A\u00cdDA PAREDES TOLEDO, DEMETRIO PAREDES TOLEDO, MELANIA PAREDES TOLEDO, con fecha 20-08-2026.<\/p><p>TORRES MANSILLA, ANTONIA DEL CARMEN: a Sobrino(a)s SELIA MABEL TORRES B\u00d3RQUEZ, JESSICA IVONNE TORRES B\u00d3RQUEZ, DANIS DEL CARMEN TORRES B\u00d3RQUEZ, GEORGINA ELIZABETH TORRES B\u00d3RQUEZ, PAMELA LILY TORRES B\u00d3RQUEZ, IDERMA DEL TR\u00c1NSITO TORRES RUIZ, ROSA ODETTE TORRES RUIZ, DIOMAR AMALIO TORRES RUIZ, LUZMENIA ALEJANDRA TORRES RUIZ, MARIO GERM\u00c1N TORRES RUIZ, OLIBERIO DEL CARMEN TORRES RUIZ, PEDRO IV\u00c1N TORRES RUIZ, LUIS ARIEL TORRES RUIZ, IDA DEL CARMEN TORRES RUIZ, con fecha 17-08-2026.<\/p><p>TRASLAVI\u00d1A MARIN, GUILLERMO SEGUNDO: a Hijo(a)s ORIETTA DEL CARMEN TRASLAVI\u00d1A LEHUE, LUC\u00cdA ELIZABETH TRASLAVI\u00d1A LEHUE, GUILLERMO ADOLFO TRASLAVI\u00d1A LEHUE, DIONISIO ALBERTO TRASLAVI\u00d1A LEHUE, PATRICIO ANDR\u00c9S TRASLAVI\u00d1A LEHUE, MAR\u00cdA SOLEDAD TRASLAVI\u00d1A LEHUE, con fecha 20-08-2026.<\/p><p>TUREUNA VILLARROEL, TITO ARMANDO: a Hijo(a)s PATRICIA DEL CARMEN TUREUNA OJEDA, CRISTIAN ALBERTO TUREUNA OJEDA, SEGUNDO TITO TUREUNA OJEDA, VICENTE MAURICIO TUREUNA RUIZ, a C\u00f3nyuge BLANCA ESTER OJEDA ELGUETA, con fecha 17-08-2026.<\/p><p>ULLOA MANSILLA, JOS\u00c9 RICARDO: a Hijo(a)s MAR\u00cdA ELISABETH ULLOA MANSILLA, ARIELA DEL CARMEN ULLOA MANSILLA, JOVITA NELDA ULLOA MANSILLA, H\u00c9CTOR HERN\u00c1N ULLOA MANSILLA, HERNA JUDITH ULLOA MANSILLA, HERIT FABI\u00c1N ULLOA MANSILLA, MIRIAM ODETTE ULLOA MANSILLA, PAOLA VIVIANA ULLOA MANSILLA, a C\u00f3nyuge MAR\u00cdA FRESIA MANSILLA GARC\u00cdA, con fecha 20-08-2026.<\/p><p>ULLOA QUEZADA, EFRA\u00cdN: a Hijo(a)s PILAR DEL CARMEN ULLOA MILLAP\u00c1N, CLAUDIO ANDR\u00c9S ULLOA MILLAP\u00c1N, CRISTIAN EFRA\u00cdN ULLOA MILLAL\u00c9N, a C\u00f3nyuge CARMEN GLORIA MILLAP\u00c1N OJEDA, con fecha 24-08-2026.<\/p><p>URIBE AGUILAR, EMA: a Sobrino(a)s ROSA IN\u00c9S URIBE IGOR, MAR\u00cdA ESTER URIBE IGOR, JUAN ALIRO URIBE IGOR, JOS\u00c9 MIGUEL URIBE IGOR, MARIELA MARISOL URIBE IGOR, con fecha 17-08-2026.<\/p><p>VALDERA VALDERA, PATRICIO EDUARDO: a Hijo(a)s ALONDRA ARILET VALDERA QUINTULLANCA, GERM\u00c1N ANTONIO VALDERA S\u00c1NCHEZ, IGNACIO EDUARDO VALDERA GONZ\u00c1LEZ, PRICILA ANDREA VALDERAS ROJAS, RONALD MAXIMILIANO VALDERAS ROJAS, a C\u00f3nyuge MAR\u00cdA ELENA QUINTULLANCA S\u00c1NCHEZ, con fecha 28-08-2026.<\/p><p>VALD\u00c9S GARRIDO, MAR\u00cdA HORTENCIA: a Hijo(a)s MAR\u00cdA ADELA VALENZUELA VALD\u00c9S, NURY DEL CARMEN VALENZUELA VALD\u00c9S, MARIANA ESTELVINA VALENZUELA VALD\u00c9S, KARINA FRANCESCA FAR\u00cdAS VALD\u00c9S, a Nieto(a)s EDGARDO ANDR\u00c9S VALENZUELA PAVEZ, MARCOS NICOL\u00c1S VALENZUELA PARRA, con fecha 17-08-2026.<\/p><p>VARGAS GALLARDO, MANUEL ANTONIO: a Hijo(a)s CARLOS IGNACIO VARGAS BARQUERO, YENIFER CLARA VARGAS MANSILLA, a C\u00f3nyuge MIRIAM DEL CARMEN BARQUERO MANSILLA, con fecha 28-08-2026.<\/p><p>VARGAS GONZ\u00c1LEZ, MARIO RICARDO: a Hijo(a) MAIA ANDREA VARGAS VALVERDE, con fecha 20-08-2026.<\/p><p>VARGAS OYARZO, ROSA AMELIA: a Hijo(a)s MARCO ANTONIO SOTO VARGAS, OLIVIA DEL CARMEN SOTO VARGAS, DOMINGA ELENA SOTO VARGAS, JIMENA ALEJANDRA SOTO VARGAS, BLANCA EDELVINA SOTO VARGAS, ROBERTO CARLOS SOTO VARGAS, con fecha 25-08-2026.<\/p><p>VEGA HERN\u00c1NDEZ, FERNANDO: a Hijo(a)s ELISIA VEGA ALVARADO, MAR\u00cdA VIOLANDA VEGA ALVARADO, MAR\u00cdA DORA VEGA ALVARADO, SEGUNDO FERNANDO VEGA ALVARADO, GUILLERMINA DEL CARMEN VEGA ALVARADO, MAGALY TOLENTINA VEGA ALVARADO, IBETTE MARLENE VEGA ALVARADO, ANSELMO ELADIO VEGA ALVARADO, MIRIAM LUZ VEGA ALVARADO, a C\u00f3nyuge ANATOLIA ALVARADO SANTANA, con fecha 20-08-2026.<\/p><p>VEL\u00c1SQUEZ HINOSTROZA, MIGUEL ANGEL: a Madre MAR\u00cdA GERARDA HINOSTROZA V\u00c1SQUEZ, con fecha 24-08-2026.<\/p><p>VEL\u00c1SQUEZ NAVARRO, JOS\u00c9 RAM\u00d3N: a Hijo(a) NICOL MAKARENA VEL\u00c1SQUEZ HERN\u00c1NDEZ, a C\u00f3nyuge JOVITA DEL CARMEN HERN\u00c1NDEZ ALMONACID, con fecha 31-08-2026.<\/p><p>VERA D\u00cdAZ, JOS\u00c9 SIXTO: a Hermano(a)s JOS\u00c9 MOIS\u00c9S VERA D\u00cdAZ, MAR\u00cdA ERMELINDA VERA D\u00cdAZ, JUAN DE LA CRUZ VERA D\u00cdAZ, a Sobrino(a)s MARCELO ALEJANDRO VERA RIVAS, MYRIAM DEL CARMEN VERA BARR\u00cdA, MARGARITA DEL ROSARIO VERA BARR\u00cdA, MAR\u00cdA VER\u00d3NICA VERA BARR\u00cdA, ANTONIO OMAR VERA BARR\u00cdA, JOS\u00c9 PATRICIO VERA BARR\u00cdA, LIDIA DEL CARMEN VERA BARR\u00cdA, RAM\u00d3N MAURICIO VERA BARR\u00cdA, con fecha 27-08-2026.<\/p><p>VERA VIDAL, BELISARIO: a Hijo(a)s SERGIO EDUARDO VERA BARRIENTOS, CATALINA DEL CARMEN VERA BARRIENTOS, ORIANA JUDITH VERA BARRIENTOS, BELISARIO FELIPE VERA BARRIENTOS, H\u00c9CTOR HERN\u00c1N VERA BARRIENTOS, NANCY EDITH VERA BARRIENTOS, sin perjuicio derechos c\u00f3nyuge sobreviviente JOVITA BARRIENTOS ALVARADO, con fecha 24-08-2026.<\/p><p>VILLAGR\u00c1N GORMAZ, RAQUEL: a Hijo(a)s CARLOS ALBERTO PONCE VILLAGR\u00c1N, ADRIANA BRUNILDA PONCE VILLAGR\u00c1N, con fecha 28-08-2026.<\/p><p>VILLANUEVA HUAIQUIL, JOS\u00c9: a Hijo(a)s ROSA LIDIA VILLANUEVA OJEDA, PATRICIO EDUARDO VILLANUEVA OJEDA, SILVIA DEL CARMEN VILLANUEVA OJEDA, MAR\u00cdA ESTER VILLANUEVA OJEDA, MARCELO JAVIER VILLANUEVA OJEDA, a C\u00f3nyuge MAR\u00cdA LUCERINA OJEDA , con fecha 24-08-2026.<\/p><p>VILLARROEL VILLARROEL, ELSA DEL CARMEN: a Hijo(a)s MAR\u00cdA FIDELIA SOTO VILLARROEL, MIGUEL SEGUNDO VILLARROEL VILLARROEL, V\u00cdCTOR JAIME SOTO VILLARROEL, CARLOS ENRIQUE SOTO VILLARROEL, MARUJA DEL CARMEN SOTO VILLARROEL, PATRICIA ANTONIETA SOTO VILLARROEL, PAULINA ELSA SOTO VILLARROEL, con fecha 20-08-2026.<\/p><p>VIVAR , MAR\u00cdA AUDILIA: a Hijo(a)s GLORIA ISABEL \u00c1LVAREZ VIVAR, MIRIAM ANG\u00c9LICA \u00c1LVAREZ VIVAR, CLARA ANASTACIA \u00c1LVAREZ VIVAR, PATRICIA DEL CARMEN \u00c1LVAREZ VIVAR, a Nieto(a)s RUB\u00c9N PATRICIO GALINDO \u00c1LVAREZ, MARGOT ISABEL GALINDO \u00c1LVAREZ, CLAUDIO CELESTINO GALINDO \u00c1LVAREZ, LUIS ALBINO GALINDO \u00c1LVAREZ, MAR\u00cdA ANA GALINDO \u00c1LVAREZ, con fecha 20-08-2026.<\/p><p>VIVAR ANDRADE, JUAN DAR\u00cdO: a Hijo(a)s MAR\u00cdA ANGELA VIVAR MU\u00d1OZ, JUAN GERM\u00c1N VIVAR MU\u00d1OZ, JUAN LEONARDO VIVAR MU\u00d1OZ, con fecha 17-08-2026.<\/p><p>Y\u00c1\u00d1EZ OJEDA, VICTORINO JUAN: a Hijo(a)s BENJAM\u00cdN ERNESTO Y\u00c1\u00d1EZ CANIUP\u00c1N, NAYARET VALERIA Y\u00c1\u00d1EZ CANIUP\u00c1N, DAMARIS ANTONELA Y\u00c1\u00d1EZ CANIUP\u00c1N, a C\u00f3nyuge ROSA ISABEL CANIUP\u00c1N PAILAFIL, con fecha 28-08-2026.<\/p><p>Y\u00c1\u00d1EZ URIBE, FELIPA FERNANDINA: a Hermano(a)s GUMERCINDA Y\u00c1\u00d1EZ URIBE, PAULINA Y\u00c1\u00d1EZ URIBE, H\u00c9CTOR VICENTE Y\u00c1\u00d1EZ URIBE, HERMIS ARMANDO Y\u00c1\u00d1EZ URIBE, a Sobrino(a)s JOS\u00c9 EL\u00cdAS Y\u00c1\u00d1EZ ARAYA, SANTIAGO DEL CARMEN Y\u00c1\u00d1EZ Y\u00c1\u00d1EZ, a Sobrino-Nietos MARCELO ANTONIO Y\u00c1\u00d1EZ Y\u00c1\u00d1EZ, NANCY FERNANDA MANSILLA Y\u00c1\u00d1EZ, JAVIERA CAMILA Y\u00c1\u00d1EZ Y\u00c1\u00d1EZ, ELIZABETH MARCELA Y\u00c1\u00d1EZ Y\u00c1\u00d1EZ, CONSTANZA MARGARITA Y\u00c1\u00d1EZ Y\u00c1\u00d1EZ, con fecha 17-08-2026.<\/p><p>Y\u00c1\u00d1EZ URIBE, H\u00c9CTOR VICENTE: a Hijo(a) JUANA Y\u00c1\u00d1EZ HUECHUNPAN, a C\u00f3nyuge IRENE RAQUELINA HUECHUNPAN GALLARDO, con fecha 14-08-2026.<\/p><p>Y\u00c1\u00d1EZ Y\u00c1\u00d1EZ, ROSA VANORA: a Hijo(a)s NANCY FERNANDA MANSILLA Y\u00c1\u00d1EZ, MARCELO ANTONIO Y\u00c1\u00d1EZ Y\u00c1\u00d1EZ, JAVIERA CAMILA Y\u00c1\u00d1EZ Y\u00c1\u00d1EZ, ELIZABETH MARCELA Y\u00c1\u00d1EZ Y\u00c1\u00d1EZ, CONSTANZA MARGARITA Y\u00c1\u00d1EZ Y\u00c1\u00d1EZ, con fecha 20-08-2026.<\/p><p>Z\u00da\u00d1IGA VALENZUELA, JOS\u00c9 CRIST\u00d3BAL: a Hijo(a)s SYLVIA CLARA Z\u00da\u00d1IGA OYARZ\u00daN, ROSA IN\u00c9S Z\u00da\u00d1IGA OYARZ\u00daN, CRIST\u00d3BAL SEGUNDO Z\u00da\u00d1IGA OYARZ\u00daN, ALICIA DEL CARMEN Z\u00da\u00d1IGA OYARZ\u00daN, RIGOBERTO ORLANDO Z\u00da\u00d1IGA OYARZ\u00daN, a Nieto(a)s JOHNNY ALEXIS Z\u00da\u00d1IGA Z\u00da\u00d1IGA, CAROLINA EMA VEGAS Z\u00da\u00d1IGA, RICARDO ANDR\u00c9S VEGAS Z\u00da\u00d1IGA, a C\u00f3nyuge CAROLINA DEL CARMEN OYARZ\u00daN OYARZ\u00daN, con fecha 25-08-2026.<\/p><p>\u00a0<\/p>\t\t\t\t\t\t\t\t<\/div>\n\t\t\t\t<\/div>\n\t\t\t\t<div class=\"elementor-element elementor-element-86a2ae1 elementor-widget elementor-widget-shortcode\" data-id=\"86a2ae1\" data-element_type=\"widget\" data-e-type=\"widget\" data-widget_type=\"shortcode.default\">\n\t\t\t\t<div class=\"elementor-widget-container\">\n\t\t\t\t\t\t\t<div class=\"elementor-shortcode\"><div class='printomatic pom-small-black ' id='id6547' alt='Imprimir Documento' title='Imprimir Documento' data-print_target='article'><\/div> <div class='printomatictext' id='id6547' alt='Imprimir Documento' title='Imprimir Documento' data-print_target='article'>Imprimir Documento<\/div><div style='clear: both;'><\/div>\n\n<\/div>\n\t\t\t\t\t\t<\/div>\n\t\t\t\t<\/div>\n\t\t\t\t\t<\/div>\n\t\t<\/article>\n\t\t\t\t<div class=\"elementor-column elementor-col-33 elementor-top-column elementor-element elementor-element-79393a4b\" data-id=\"79393a4b\" data-element_type=\"column\" data-e-type=\"column\" data-settings=\"{&quot;background_background&quot;:&quot;classic&quot;}\">\n\t\t\t<div class=\"elementor-widget-wrap elementor-element-populated\">\n\t\t\t\t\t\t<div class=\"elementor-element elementor-element-2f0f9ad6 elementor-widget elementor-widget-image\" data-id=\"2f0f9ad6\" data-element_type=\"widget\" data-e-type=\"widget\" data-widget_type=\"image.default\">\n\t\t\t\t<div class=\"elementor-widget-container\">\n\t\t\t\t\t\t\t\t\t\t\t\t\t\t\t<img loading=\"lazy\" decoding=\"async\" width=\"268\" height=\"29\" src=\"https:\/\/avisolegal.cl\/wp-content\/uploads\/2022\/02\/Screenshot_61.png\" class=\"attachment-large size-large wp-image-793\" alt=\"\" \/>\t\t\t\t\t\t\t\t\t\t\t\t\t\t\t<\/div>\n\t\t\t\t<\/div>\n\t\t\t\t<div class=\"elementor-element elementor-element-d3afc7e elementor-widget elementor-widget-shortcode\" data-id=\"d3afc7e\" data-element_type=\"widget\" data-e-type=\"widget\" data-widget_type=\"shortcode.default\">\n\t\t\t\t<div class=\"elementor-widget-container\">\n\t\t\t\t\t\t\t<div class=\"elementor-shortcode\"><div class=\"wp-rss-template-container\" data-wpra-template=\"default\" data-template-ctx=\"eyJzb3VyY2VzIjoiNzc4In0=\">\n    <div class=\"wp-rss-aggregator wpra-list-template  \" data-page=\"1\">\n    \n    \n<ul class=\"wpra-item-list rss-aggregator wpra-item-list--bullets wpra-item-list--default\"\n    start=\"1\">\n                        <li class=\"wpra-item feed-item \">\n            \n            \n\n    <a  href=\"https:\/\/www.biobiochile.cl\/noticias\/opinion\/columnas-bbcl\/2026\/08\/31\/seguridad-el-desafio-de-recuperarla-para-los-chilenos.shtml\" target=\"_blank\" rel=\"nofollow\" class=\"\">Seguridad: el desaf\u00edo de recuperarla para los chilenos<\/a>\n\n\n\n\n\n\n<div class=\"wprss-feed-meta\">\n            <span class=\"feed-source\">\n            Fuente:\n\n                            www.biobiochile.cl\n                    <\/span>\n    \n            <span class=\"feed-date\">\n            Publicado en 2026-08-31\n        <\/span>\n    \n    <\/div>\n\n\n\n\n\n            \n        <\/li>\n                    <li class=\"wpra-item feed-item \">\n            \n            \n\n    <a  href=\"https:\/\/www.biobiochile.cl\/noticias\/sociedad\/historia\/2026\/08\/31\/cura-tinder-el-religioso-espanol-que-ha-logrado-unir-a-1-300-solteros-en-el-mundo-gracias-a-whatsapp.shtml\" target=\"_blank\" rel=\"nofollow\" class=\"\">Cura Tinder: El religioso espa\u00f1ol que ha logrado unir a 1.300 solteros en el mundo gracias a WhatsApp<\/a>\n\n\n\n\n\n\n<div class=\"wprss-feed-meta\">\n            <span class=\"feed-source\">\n            Fuente:\n\n                            www.biobiochile.cl\n                    <\/span>\n    \n            <span class=\"feed-date\">\n            Publicado en 2026-08-31\n        <\/span>\n    \n    <\/div>\n\n\n\n\n\n            \n        <\/li>\n                    <li class=\"wpra-item feed-item \">\n            \n            \n\n    <a  href=\"https:\/\/www.biobiochile.cl\/noticias\/servicios\/beneficios\/2026\/08\/31\/este-lunes-se-paga-el-bono-al-trabajo-de-la-mujer-beneficiarias-pueden-recibir-hasta-700-mil-pesos.shtml\" target=\"_blank\" rel=\"nofollow\" class=\"\">Este lunes se paga el Bono al Trabajo de la Mujer: beneficiarias pueden recibir hasta &#036;700 mil pesos<\/a>\n\n\n\n\n\n\n<div class=\"wprss-feed-meta\">\n            <span class=\"feed-source\">\n            Fuente:\n\n                            www.biobiochile.cl\n                    <\/span>\n    \n            <span class=\"feed-date\">\n            Publicado en 2026-08-31\n        <\/span>\n    \n    <\/div>\n\n\n\n\n\n            \n        <\/li>\n        <\/ul>\n\n        \n<\/div>\n\n<\/div>\n<\/div>\n\t\t\t\t\t\t<\/div>\n\t\t\t\t<\/div>\n\t\t\t\t\t<\/div>\n\t\t<\/div>\n\t\t\t\t\t<\/div>\n\t\t<\/section>\n\t\t\t\t<section class=\"elementor-section elementor-top-section elementor-element elementor-element-73a242d1 elementor-section-boxed elementor-section-height-default elementor-section-height-default\" data-id=\"73a242d1\" data-element_type=\"section\" data-e-type=\"section\">\n\t\t\t\t\t\t<div class=\"elementor-container elementor-column-gap-default\">\n\t\t\t\t\t<div class=\"elementor-column elementor-col-100 elementor-top-column elementor-element elementor-element-36750399\" data-id=\"36750399\" data-element_type=\"column\" data-e-type=\"column\">\n\t\t\t<div class=\"elementor-widget-wrap elementor-element-populated\">\n\t\t\t\t\t\t<div class=\"elementor-element elementor-element-7834c256 elementor-widget elementor-widget-spacer\" data-id=\"7834c256\" data-element_type=\"widget\" data-e-type=\"widget\" data-widget_type=\"spacer.default\">\n\t\t\t\t<div class=\"elementor-widget-container\">\n\t\t\t\t\t\t\t<div class=\"elementor-spacer\">\n\t\t\t<div class=\"elementor-spacer-inner\"><\/div>\n\t\t<\/div>\n\t\t\t\t\t\t<\/div>\n\t\t\t\t<\/div>\n\t\t\t\t\t<\/div>\n\t\t<\/div>\n\t\t\t\t\t<\/div>\n\t\t<\/section>\n\t\t\t\t<section class=\"elementor-section elementor-top-section elementor-element elementor-element-1f8aae7 elementor-section-boxed elementor-section-height-default elementor-section-height-default\" data-id=\"1f8aae7\" data-element_type=\"section\" data-e-type=\"section\">\n\t\t\t\t\t\t<div class=\"elementor-container elementor-column-gap-default\">\n\t\t\t\t\t<div class=\"elementor-column elementor-col-100 elementor-top-column elementor-element elementor-element-a87f0d2\" data-id=\"a87f0d2\" data-element_type=\"column\" data-e-type=\"column\">\n\t\t\t<div class=\"elementor-widget-wrap\">\n\t\t\t\t\t\t\t<\/div>\n\t\t<\/div>\n\t\t\t\t\t<\/div>\n\t\t<\/section>\n\t\t\t\t<section class=\"elementor-section elementor-top-section elementor-element elementor-element-67c7702 elementor-section-boxed elementor-section-height-default elementor-section-height-default\" data-id=\"67c7702\" data-element_type=\"section\" data-e-type=\"section\">\n\t\t\t\t\t\t<div class=\"elementor-container elementor-column-gap-default\">\n\t\t\t\t\t<div class=\"elementor-column elementor-col-100 elementor-top-column elementor-element elementor-element-18903e4\" data-id=\"18903e4\" data-element_type=\"column\" data-e-type=\"column\">\n\t\t\t<div class=\"elementor-widget-wrap elementor-element-populated\">\n\t\t\t\t\t\t<div class=\"elementor-element elementor-element-698f036 elementor-widget elementor-widget-shortcode\" data-id=\"698f036\" data-element_type=\"widget\" data-e-type=\"widget\" data-widget_type=\"shortcode.default\">\n\t\t\t\t<div class=\"elementor-widget-container\">\n\t\t\t\t\t\t\t<div class=\"elementor-shortcode\">\t\t<div data-elementor-type=\"wp-post\" data-elementor-id=\"1327\" class=\"elementor elementor-1327\" data-elementor-post-type=\"oceanwp_library\">\n\t\t\t\t\t\t<section class=\"elementor-section elementor-top-section elementor-element elementor-element-7116defc elementor-section-boxed elementor-section-height-default elementor-section-height-default\" data-id=\"7116defc\" data-element_type=\"section\" data-e-type=\"section\">\n\t\t\t\t\t\t<div class=\"elementor-container elementor-column-gap-default\">\n\t\t\t\t\t<div class=\"elementor-column elementor-col-100 elementor-top-column elementor-element elementor-element-638a27d0\" data-id=\"638a27d0\" data-element_type=\"column\" data-e-type=\"column\">\n\t\t\t<div class=\"elementor-widget-wrap elementor-element-populated\">\n\t\t\t\t\t\t<div class=\"elementor-element elementor-element-5f386b70 elementor-widget elementor-widget-spacer\" data-id=\"5f386b70\" data-element_type=\"widget\" data-e-type=\"widget\" data-widget_type=\"spacer.default\">\n\t\t\t\t<div class=\"elementor-widget-container\">\n\t\t\t\t\t\t\t<div class=\"elementor-spacer\">\n\t\t\t<div class=\"elementor-spacer-inner\"><\/div>\n\t\t<\/div>\n\t\t\t\t\t\t<\/div>\n\t\t\t\t<\/div>\n\t\t\t\t\t<\/div>\n\t\t<\/div>\n\t\t\t\t\t<\/div>\n\t\t<\/section>\n\t\t\t\t<section class=\"elementor-section elementor-top-section elementor-element elementor-element-1651650f elementor-section-full_width elementor-section-stretched elementor-section-height-default elementor-section-height-default\" data-id=\"1651650f\" data-element_type=\"section\" data-e-type=\"section\" data-settings=\"{&quot;background_background&quot;:&quot;classic&quot;,&quot;stretch_section&quot;:&quot;section-stretched&quot;}\">\n\t\t\t\t\t\t<div class=\"elementor-container elementor-column-gap-default\">\n\t\t\t\t\t<div class=\"elementor-column elementor-col-100 elementor-top-column elementor-element elementor-element-7ed5ea4e\" data-id=\"7ed5ea4e\" data-element_type=\"column\" data-e-type=\"column\">\n\t\t\t<div class=\"elementor-widget-wrap elementor-element-populated\">\n\t\t\t\t\t\t<div class=\"elementor-element elementor-element-45190965 elementor-icon-list--layout-inline elementor-align-center elementor-list-item-link-full_width elementor-widget elementor-widget-icon-list\" data-id=\"45190965\" data-element_type=\"widget\" data-e-type=\"widget\" data-widget_type=\"icon-list.default\">\n\t\t\t\t<div class=\"elementor-widget-container\">\n\t\t\t\t\t\t\t<ul class=\"elementor-icon-list-items elementor-inline-items\">\n\t\t\t\t\t\t\t<li class=\"elementor-icon-list-item elementor-inline-item\">\n\t\t\t\t\t\t\t\t\t\t\t<a href=\"https:\/\/avisolegal.cl\/\">\n\n\t\t\t\t\t\t\t\t\t\t\t<span class=\"elementor-icon-list-text\">Inicio<\/span>\n\t\t\t\t\t\t\t\t\t\t\t<\/a>\n\t\t\t\t\t\t\t\t\t<\/li>\n\t\t\t\t\t\t\t\t<li class=\"elementor-icon-list-item elementor-inline-item\">\n\t\t\t\t\t\t\t\t\t\t\t<a href=\"https:\/\/avisolegal.cl\/?page_id=876\">\n\n\t\t\t\t\t\t\t\t\t\t\t<span class=\"elementor-icon-list-text\">Quienes Somos<\/span>\n\t\t\t\t\t\t\t\t\t\t\t<\/a>\n\t\t\t\t\t\t\t\t\t<\/li>\n\t\t\t\t\t\t\t\t<li class=\"elementor-icon-list-item elementor-inline-item\">\n\t\t\t\t\t\t\t\t\t\t\t<a href=\"https:\/\/avisolegal.cl\/?page_id=896\">\n\n\t\t\t\t\t\t\t\t\t\t\t<span class=\"elementor-icon-list-text\">Pol\u00edticas de Privacidad<\/span>\n\t\t\t\t\t\t\t\t\t\t\t<\/a>\n\t\t\t\t\t\t\t\t\t<\/li>\n\t\t\t\t\t\t\t\t<li class=\"elementor-icon-list-item elementor-inline-item\">\n\t\t\t\t\t\t\t\t\t\t\t<a href=\"https:\/\/avisolegal.cl\/?page_id=907\">\n\n\t\t\t\t\t\t\t\t\t\t\t<span class=\"elementor-icon-list-text\">Condiciones de Uso<\/span>\n\t\t\t\t\t\t\t\t\t\t\t<\/a>\n\t\t\t\t\t\t\t\t\t<\/li>\n\t\t\t\t\t\t\t\t<li class=\"elementor-icon-list-item elementor-inline-item\">\n\t\t\t\t\t\t\t\t\t\t\t<a href=\"https:\/\/avisolegal.cl\/?page_id=913\">\n\n\t\t\t\t\t\t\t\t\t\t\t<span class=\"elementor-icon-list-text\">Seguridad<\/span>\n\t\t\t\t\t\t\t\t\t\t\t<\/a>\n\t\t\t\t\t\t\t\t\t<\/li>\n\t\t\t\t\t\t\t\t<li class=\"elementor-icon-list-item elementor-inline-item\">\n\t\t\t\t\t\t\t\t\t\t\t<a href=\"https:\/\/avisolegal.cl\/?page_id=912\">\n\n\t\t\t\t\t\t\t\t\t\t\t<span class=\"elementor-icon-list-text\">Direcciones Regionales<\/span>\n\t\t\t\t\t\t\t\t\t\t\t<\/a>\n\t\t\t\t\t\t\t\t\t<\/li>\n\t\t\t\t\t\t\t\t<li class=\"elementor-icon-list-item elementor-inline-item\">\n\t\t\t\t\t\t\t\t\t\t<span class=\"elementor-icon-list-text\">Otras notificaciones<\/span>\n\t\t\t\t\t\t\t\t\t<\/li>\n\t\t\t\t\t\t<\/ul>\n\t\t\t\t\t\t<\/div>\n\t\t\t\t<\/div>\n\t\t\t\t<div class=\"elementor-element elementor-element-3b10ab2 elementor-align-center elementor-icon-list--layout-traditional elementor-list-item-link-full_width elementor-widget elementor-widget-icon-list\" data-id=\"3b10ab2\" data-element_type=\"widget\" data-e-type=\"widget\" data-widget_type=\"icon-list.default\">\n\t\t\t\t<div class=\"elementor-widget-container\">\n\t\t\t\t\t\t\t<ul class=\"elementor-icon-list-items\">\n\t\t\t\t\t\t\t<li class=\"elementor-icon-list-item\">\n\t\t\t\t\t\t\t\t\t\t\t<a href=\"mailto:contacto@avisolegal.cl\">\n\n\t\t\t\t\t\t\t\t\t\t\t\t<span class=\"elementor-icon-list-icon\">\n\t\t\t\t\t\t\t<i aria-hidden=\"true\" class=\"far fa-envelope\"><\/i>\t\t\t\t\t\t<\/span>\n\t\t\t\t\t\t\t\t\t\t<span class=\"elementor-icon-list-text\"> contacto@avisolegal.cl<\/span>\n\t\t\t\t\t\t\t\t\t\t\t<\/a>\n\t\t\t\t\t\t\t\t\t<\/li>\n\t\t\t\t\t\t<\/ul>\n\t\t\t\t\t\t<\/div>\n\t\t\t\t<\/div>\n\t\t\t\t<div class=\"elementor-element elementor-element-7d4a24da elementor-align-center elementor-icon-list--layout-traditional elementor-list-item-link-full_width elementor-widget elementor-widget-icon-list\" data-id=\"7d4a24da\" data-element_type=\"widget\" data-e-type=\"widget\" data-widget_type=\"icon-list.default\">\n\t\t\t\t<div class=\"elementor-widget-container\">\n\t\t\t\t\t\t\t<ul class=\"elementor-icon-list-items\">\n\t\t\t\t\t\t\t<li class=\"elementor-icon-list-item\">\n\t\t\t\t\t\t\t\t\t\t<span class=\"elementor-icon-list-text\">Aviso Legal \u00a9 2016. www.avisolegal.cl<\/span>\n\t\t\t\t\t\t\t\t\t<\/li>\n\t\t\t\t\t\t<\/ul>\n\t\t\t\t\t\t<\/div>\n\t\t\t\t<\/div>\n\t\t\t\t\t<\/div>\n\t\t<\/div>\n\t\t\t\t\t<\/div>\n\t\t<\/section>\n\t\t\t\t<\/div>\n\t\t<\/div>\n\t\t\t\t\t\t<\/div>\n\t\t\t\t<\/div>\n\t\t\t\t\t<\/div>\n\t\t<\/div>\n\t\t\t\t\t<\/div>\n\t\t<\/section>\n\t\t\t\t<\/div>\n\t\t","protected":false},"excerpt":{"rendered":"<p>POSESIONES EFECTIVAS DE HERENCIAS INTESTADAS. El Director Regional del Servicio de Registro Civil e Identificaci\u00f3n REGION DE LOS LAGOS, concedi\u00f3 Posesi\u00f3n Efectiva de la Herencia Intestada de los causantes que se se\u00f1alan a continuaci\u00f3n, a los herederos y en la fecha que se indica en cada caso: \u00c1GUILA HIRSCH, PATRICIA ELIANA: con fecha 24-08-2026 autoriza [&hellip;]<\/p>\n","protected":false},"author":6,"featured_media":0,"comment_status":"open","ping_status":"open","sticky":false,"template":"elementor_canvas","format":"standard","meta":{"ocean_post_layout":"","ocean_both_sidebars_style":"","ocean_both_sidebars_content_width":0,"ocean_both_sidebars_sidebars_width":0,"ocean_sidebar":"0","ocean_second_sidebar":"0","ocean_disable_margins":"enable","ocean_add_body_class":"","ocean_shortcode_before_top_bar":"","ocean_shortcode_after_top_bar":"","ocean_shortcode_before_header":"","ocean_shortcode_after_header":"","ocean_has_shortcode":"","ocean_shortcode_after_title":"","ocean_shortcode_before_footer_widgets":"","ocean_shortcode_after_footer_widgets":"","ocean_shortcode_before_footer_bottom":"","ocean_shortcode_after_footer_bottom":"","ocean_display_top_bar":"default","ocean_display_header":"default","ocean_header_style":"","ocean_center_header_left_menu":"0","ocean_custom_header_template":"0","ocean_custom_logo":1681,"ocean_custom_retina_logo":0,"ocean_custom_logo_max_width":0,"ocean_custom_logo_tablet_max_width":0,"ocean_custom_logo_mobile_max_width":0,"ocean_custom_logo_max_height":0,"ocean_custom_logo_tablet_max_height":0,"ocean_custom_logo_mobile_max_height":0,"ocean_header_custom_menu":"0","ocean_menu_typo_font_family":"0","ocean_menu_typo_font_subset":"","ocean_menu_typo_font_size":0,"ocean_menu_typo_font_size_tablet":0,"ocean_menu_typo_font_size_mobile":0,"ocean_menu_typo_font_size_unit":"px","ocean_menu_typo_font_weight":"","ocean_menu_typo_font_weight_tablet":"","ocean_menu_typo_font_weight_mobile":"","ocean_menu_typo_transform":"","ocean_menu_typo_transform_tablet":"","ocean_menu_typo_transform_mobile":"","ocean_menu_typo_line_height":0,"ocean_menu_typo_line_height_tablet":0,"ocean_menu_typo_line_height_mobile":0,"ocean_menu_typo_line_height_unit":"","ocean_menu_typo_spacing":0,"ocean_menu_typo_spacing_tablet":0,"ocean_menu_typo_spacing_mobile":0,"ocean_menu_typo_spacing_unit":"","ocean_menu_link_color":"","ocean_menu_link_color_hover":"","ocean_menu_link_color_active":"","ocean_menu_link_background":"","ocean_menu_link_hover_background":"","ocean_menu_link_active_background":"","ocean_menu_social_links_bg":"","ocean_menu_social_hover_links_bg":"","ocean_menu_social_links_color":"","ocean_menu_social_hover_links_color":"","ocean_disable_title":"default","ocean_disable_heading":"default","ocean_post_title":"","ocean_post_subheading":"","ocean_post_title_style":"","ocean_post_title_background_color":"","ocean_post_title_background":0,"ocean_post_title_bg_image_position":"","ocean_post_title_bg_image_attachment":"","ocean_post_title_bg_image_repeat":"","ocean_post_title_bg_image_size":"","ocean_post_title_height":0,"ocean_post_title_bg_overlay":0.5,"ocean_post_title_bg_overlay_color":"","ocean_disable_breadcrumbs":"default","ocean_breadcrumbs_color":"","ocean_breadcrumbs_separator_color":"","ocean_breadcrumbs_links_color":"","ocean_breadcrumbs_links_hover_color":"","ocean_display_footer_widgets":"default","ocean_display_footer_bottom":"default","ocean_custom_footer_template":"0","_joinchat":[],"ocean_post_oembed":"","ocean_post_self_hosted_media":"","ocean_post_video_embed":"","ocean_link_format":"","ocean_link_format_target":"self","ocean_quote_format":"","ocean_quote_format_link":"post","ocean_gallery_link_images":"off","ocean_gallery_id":[],"footnotes":""},"categories":[38],"tags":[],"class_list":["post-27413","post","type-post","status-publish","format-standard","hentry","category-registro-civil","entry"],"publishpress_future_action":{"enabled":false,"date":"2026-09-08 01:22:36","action":"change-status","newStatus":"draft","terms":[],"taxonomy":"category","extraData":[]},"publishpress_future_workflow_manual_trigger":{"enabledWorkflows":[]},"_links":{"self":[{"href":"https:\/\/avisolegal.cl\/index.php?rest_route=\/wp\/v2\/posts\/27413","targetHints":{"allow":["GET"]}}],"collection":[{"href":"https:\/\/avisolegal.cl\/index.php?rest_route=\/wp\/v2\/posts"}],"about":[{"href":"https:\/\/avisolegal.cl\/index.php?rest_route=\/wp\/v2\/types\/post"}],"author":[{"embeddable":true,"href":"https:\/\/avisolegal.cl\/index.php?rest_route=\/wp\/v2\/users\/6"}],"replies":[{"embeddable":true,"href":"https:\/\/avisolegal.cl\/index.php?rest_route=%2Fwp%2Fv2%2Fcomments&post=27413"}],"version-history":[{"count":4,"href":"https:\/\/avisolegal.cl\/index.php?rest_route=\/wp\/v2\/posts\/27413\/revisions"}],"predecessor-version":[{"id":27417,"href":"https:\/\/avisolegal.cl\/index.php?rest_route=\/wp\/v2\/posts\/27413\/revisions\/27417"}],"wp:attachment":[{"href":"https:\/\/avisolegal.cl\/index.php?rest_route=%2Fwp%2Fv2%2Fmedia&parent=27413"}],"wp:term":[{"taxonomy":"category","embeddable":true,"href":"https:\/\/avisolegal.cl\/index.php?rest_route=%2Fwp%2Fv2%2Fcategories&post=27413"},{"taxonomy":"post_tag","embeddable":true,"href":"https:\/\/avisolegal.cl\/index.php?rest_route=%2Fwp%2Fv2%2Ftags&post=27413"}],"curies":[{"name":"wp","href":"https:\/\/api.w.org\/{rel}","templated":true}]}}